{"id":252668,"date":"2025-10-06T09:27:37","date_gmt":"2025-10-06T13:27:37","guid":{"rendered":"https:\/\/antiguanewsroom.com\/?p=252668"},"modified":"2025-10-06T09:27:38","modified_gmt":"2025-10-06T13:27:38","slug":"dominican-republic-consulate-mourns-death-of-worker-in-farm-accident","status":"publish","type":"post","link":"https:\/\/antiguanewsroom.com\/dominican-republic-consulate-mourns-death-of-worker-in-farm-accident\/","title":{"rendered":"Dominican Republic Consulate Mourns Death of Worker in Farm Accident"},"content":{"rendered":"<div id=\"antig-2933149530\" class=\"antig-ecab antig-entity-placement\"><a href=\"https:\/\/discoverflow.co\/web\/antigua\" aria-label=\"ANU CVP Digital Broadband 1200x400_1\"><img src=\"https:\/\/mlavawteztbj.i.optimole.com\/w:1201\/h:401\/q:mauto\/f:best\/https:\/\/antiguanewsroom.com\/wp-content\/uploads\/2025\/11\/ANU-CVP-Digital-Broadband-1200x400_1-1.jpg\" alt=\"\"  srcset=\"https:\/\/mlavawteztbj.i.optimole.com\/w:1201\/h:401\/q:mauto\/f:best\/https:\/\/antiguanewsroom.com\/wp-content\/uploads\/2025\/11\/ANU-CVP-Digital-Broadband-1200x400_1-1.jpg 1201w, https:\/\/mlavawteztbj.i.optimole.com\/w:300\/h:100\/q:mauto\/f:best\/https:\/\/antiguanewsroom.com\/wp-content\/uploads\/2025\/11\/ANU-CVP-Digital-Broadband-1200x400_1-1.jpg 300w, https:\/\/mlavawteztbj.i.optimole.com\/w:1024\/h:342\/q:mauto\/f:best\/https:\/\/antiguanewsroom.com\/wp-content\/uploads\/2025\/11\/ANU-CVP-Digital-Broadband-1200x400_1-1.jpg 1024w, https:\/\/mlavawteztbj.i.optimole.com\/w:768\/h:256\/q:mauto\/f:best\/https:\/\/antiguanewsroom.com\/wp-content\/uploads\/2025\/11\/ANU-CVP-Digital-Broadband-1200x400_1-1.jpg 768w\" sizes=\"(max-width: 696px) 100vw, 696px\" width=\"1201\" height=\"401\"   \/><\/a><\/div><div id=\"antig-1552775921\" class=\"antig-before-content antig-entity-placement\"><a href=\"https:\/\/www.facebook.com\/medicalbenefitsscheme\" aria-label=\"ce741a73-c70c-446b-af7f-da2abe2b62bb\"><img src=\"https:\/\/mlavawteztbj.i.optimole.com\/w:1200\/h:400\/q:mauto\/f:best\/https:\/\/antiguanewsroom.com\/wp-content\/uploads\/2024\/12\/ce741a73-c70c-446b-af7f-da2abe2b62bb.jpeg\" alt=\"\"  srcset=\"https:\/\/mlavawteztbj.i.optimole.com\/w:1200\/h:400\/q:mauto\/f:best\/https:\/\/antiguanewsroom.com\/wp-content\/uploads\/2024\/12\/ce741a73-c70c-446b-af7f-da2abe2b62bb.jpeg 1200w, https:\/\/mlavawteztbj.i.optimole.com\/w:300\/h:100\/q:mauto\/f:best\/https:\/\/antiguanewsroom.com\/wp-content\/uploads\/2024\/12\/ce741a73-c70c-446b-af7f-da2abe2b62bb.jpeg 300w, https:\/\/mlavawteztbj.i.optimole.com\/w:1024\/h:341\/q:mauto\/f:best\/https:\/\/antiguanewsroom.com\/wp-content\/uploads\/2024\/12\/ce741a73-c70c-446b-af7f-da2abe2b62bb.jpeg 1024w, https:\/\/mlavawteztbj.i.optimole.com\/w:768\/h:256\/q:mauto\/f:best\/https:\/\/antiguanewsroom.com\/wp-content\/uploads\/2024\/12\/ce741a73-c70c-446b-af7f-da2abe2b62bb.jpeg 768w\" sizes=\"(max-width: 696px) 100vw, 696px\" width=\"1200\" height=\"400\"   \/><\/a><\/div>\n<p>The Consulate General of the Dominican Republic in Antigua and Barbuda has expressed deep sorrow over the death of 23-year-old Michael Alexander Garcia, a Dominican national who died in a workplace accident on Saturday.<\/p><div id=\"antig-3336103039\" class=\"antig-content_5 antig-entity-placement\"><img src=\"https:\/\/mlavawteztbj.i.optimole.com\/w:771\/h:1080\/q:mauto\/f:best\/https:\/\/antiguanewsroom.com\/wp-content\/uploads\/2026\/04\/quueens.jpeg\" alt=\"\"  srcset=\"https:\/\/mlavawteztbj.i.optimole.com\/w:771\/h:1080\/q:mauto\/f:best\/https:\/\/antiguanewsroom.com\/wp-content\/uploads\/2026\/04\/quueens.jpeg 1143w, https:\/\/mlavawteztbj.i.optimole.com\/w:214\/h:300\/q:mauto\/f:best\/https:\/\/antiguanewsroom.com\/wp-content\/uploads\/2026\/04\/quueens.jpeg 214w, https:\/\/mlavawteztbj.i.optimole.com\/w:732\/h:1024\/q:mauto\/f:best\/https:\/\/antiguanewsroom.com\/wp-content\/uploads\/2026\/04\/quueens.jpeg 732w, https:\/\/mlavawteztbj.i.optimole.com\/w:768\/h:1075\/q:mauto\/f:best\/https:\/\/antiguanewsroom.com\/wp-content\/uploads\/2026\/04\/quueens.jpeg 768w, https:\/\/mlavawteztbj.i.optimole.com\/w:771\/h:1080\/q:mauto\/f:best\/https:\/\/antiguanewsroom.com\/wp-content\/uploads\/2026\/04\/quueens.jpeg 1097w\" sizes=\"(max-width: 696px) 100vw, 696px\" width=\"1143\" height=\"1600\"   \/><\/div>\n\n\n\n<p>Garcia, a farm worker and father of a three-year-old, reportedly fell from the roof of a building on a farm in the Diamond Estate area near Potworks Dam around 4:30 p.m. He sustained severe head injuries and was found by emergency medical personnel lying in a pool of blood.<\/p>\n\n\n\n<p>Despite the efforts of Advanced Emergency Medical Technicians and further medical intervention at Sir Lester Bird Medical Centre, Garcia was later pronounced dead.<\/p><div id=\"antig-2582137698\" class=\"antig-content_4 antig-entity-placement\"><a href=\"https:\/\/discoverflow.co\/web\/antigua\" aria-label=\"ANU CVP Digital Broadband 1200x400_1\"><img src=\"https:\/\/mlavawteztbj.i.optimole.com\/w:1201\/h:401\/q:mauto\/f:best\/https:\/\/antiguanewsroom.com\/wp-content\/uploads\/2025\/11\/ANU-CVP-Digital-Broadband-1200x400_1-1.jpg\" alt=\"\"  srcset=\"https:\/\/mlavawteztbj.i.optimole.com\/w:1201\/h:401\/q:mauto\/f:best\/https:\/\/antiguanewsroom.com\/wp-content\/uploads\/2025\/11\/ANU-CVP-Digital-Broadband-1200x400_1-1.jpg 1201w, https:\/\/mlavawteztbj.i.optimole.com\/w:300\/h:100\/q:mauto\/f:best\/https:\/\/antiguanewsroom.com\/wp-content\/uploads\/2025\/11\/ANU-CVP-Digital-Broadband-1200x400_1-1.jpg 300w, https:\/\/mlavawteztbj.i.optimole.com\/w:1024\/h:342\/q:mauto\/f:best\/https:\/\/antiguanewsroom.com\/wp-content\/uploads\/2025\/11\/ANU-CVP-Digital-Broadband-1200x400_1-1.jpg 1024w, https:\/\/mlavawteztbj.i.optimole.com\/w:768\/h:256\/q:mauto\/f:best\/https:\/\/antiguanewsroom.com\/wp-content\/uploads\/2025\/11\/ANU-CVP-Digital-Broadband-1200x400_1-1.jpg 768w\" sizes=\"(max-width: 696px) 100vw, 696px\" width=\"1201\" height=\"401\"   \/><\/a><\/div><div id=\"antig-1588587498\" class=\"antig-content_12 antig-entity-placement\"><img src=\"https:\/\/mlavawteztbj.i.optimole.com\/w:1320\/h:730\/q:mauto\/f:best\/https:\/\/antiguanewsroom.com\/wp-content\/uploads\/2026\/02\/IMG_5614.jpg\" alt=\"\"  srcset=\"https:\/\/mlavawteztbj.i.optimole.com\/w:1320\/h:730\/q:mauto\/f:best\/https:\/\/antiguanewsroom.com\/wp-content\/uploads\/2026\/02\/IMG_5614.jpg 1320w, https:\/\/mlavawteztbj.i.optimole.com\/w:300\/h:166\/q:mauto\/f:best\/https:\/\/antiguanewsroom.com\/wp-content\/uploads\/2026\/02\/IMG_5614.jpg 300w, https:\/\/mlavawteztbj.i.optimole.com\/w:1024\/h:566\/q:mauto\/f:best\/https:\/\/antiguanewsroom.com\/wp-content\/uploads\/2026\/02\/IMG_5614.jpg 1024w, https:\/\/mlavawteztbj.i.optimole.com\/w:768\/h:425\/q:mauto\/f:best\/https:\/\/antiguanewsroom.com\/wp-content\/uploads\/2026\/02\/IMG_5614.jpg 768w, https:\/\/mlavawteztbj.i.optimole.com\/w:696\/h:385\/q:mauto\/f:best\/https:\/\/antiguanewsroom.com\/wp-content\/uploads\/2026\/02\/IMG_5614.jpg 696w\" sizes=\"(max-width: 696px) 100vw, 696px\" width=\"1320\" height=\"730\"   \/><\/div>\n\n\n\n<p>In a statement issued Sunday, the Consulate General, led by Hon. Joaqu\u00edn D\u00edaz L\u00f3pez, said it \u201cdeeply regrets the tragic passing of a young Dominican national that occurred this Saturday in the Blackout area.\u201d<\/p><div id=\"antig-388908208\" class=\"antig-content antig-entity-placement\"><a href=\"https:\/\/www.antiguabarbudaculinarymonth.com\/\" aria-label=\"culinary\"><img src=\"https:\/\/mlavawteztbj.i.optimole.com\/w:1920\/h:843\/q:mauto\/f:best\/https:\/\/antiguanewsroom.com\/wp-content\/uploads\/2025\/04\/culinary-scaled.jpg\" alt=\"\"  srcset=\"https:\/\/mlavawteztbj.i.optimole.com\/w:1920\/h:843\/q:mauto\/f:best\/https:\/\/antiguanewsroom.com\/wp-content\/uploads\/2025\/04\/culinary-scaled.jpg 2560w, https:\/\/mlavawteztbj.i.optimole.com\/w:300\/h:132\/q:mauto\/f:best\/https:\/\/antiguanewsroom.com\/wp-content\/uploads\/2025\/04\/culinary-scaled.jpg 300w, https:\/\/mlavawteztbj.i.optimole.com\/w:1024\/h:450\/q:mauto\/f:best\/https:\/\/antiguanewsroom.com\/wp-content\/uploads\/2025\/04\/culinary-scaled.jpg 1024w, https:\/\/mlavawteztbj.i.optimole.com\/w:768\/h:337\/q:mauto\/f:best\/https:\/\/antiguanewsroom.com\/wp-content\/uploads\/2025\/04\/culinary-scaled.jpg 768w, https:\/\/mlavawteztbj.i.optimole.com\/w:1536\/h:675\/q:mauto\/f:best\/https:\/\/antiguanewsroom.com\/wp-content\/uploads\/2025\/04\/culinary-scaled.jpg 1536w, https:\/\/mlavawteztbj.i.optimole.com\/w:1920\/h:842\/q:mauto\/f:best\/https:\/\/antiguanewsroom.com\/wp-content\/uploads\/2025\/04\/culinary-scaled.jpg 2048w\" sizes=\"(max-width: 696px) 100vw, 696px\" width=\"2560\" height=\"1124\"   \/><\/a><\/div>\n\n\n\n<p>The consul instructed Huascar F\u00e9lix, director of the Consular Cabinet, to coordinate with local authorities and ensure that the victim\u2019s family receives the necessary support and assistance.<\/p>\n\n\n\n<p>\u201cWe extend our heartfelt condolences to his loved ones and to the Dominican community in Antigua and Barbuda during this difficult time,\u201d the statement read.<\/p><div id=\"antig-3082129316\" class=\"antig-content_2 antig-entity-placement\"><a href=\"https:\/\/www.courts.com\/antigua\/\" aria-label=\"IMG_0783\"><img src=\"https:\/\/mlavawteztbj.i.optimole.com\/w:500\/h:500\/q:mauto\/f:best\/https:\/\/antiguanewsroom.com\/wp-content\/uploads\/2021\/03\/IMG_0783.png\" alt=\"\"  srcset=\"https:\/\/mlavawteztbj.i.optimole.com\/w:500\/h:500\/q:mauto\/f:best\/https:\/\/antiguanewsroom.com\/wp-content\/uploads\/2021\/03\/IMG_0783.png 500w, https:\/\/mlavawteztbj.i.optimole.com\/w:300\/h:300\/q:mauto\/f:best\/https:\/\/antiguanewsroom.com\/wp-content\/uploads\/2021\/03\/IMG_0783.png 300w, https:\/\/mlavawteztbj.i.optimole.com\/w:150\/h:150\/q:mauto\/f:best\/https:\/\/antiguanewsroom.com\/wp-content\/uploads\/2021\/03\/IMG_0783.png 150w\" sizes=\"(max-width: 500px) 100vw, 500px\" width=\"500\" height=\"500\"   \/><\/a><\/div>\n\n\n\n<p>The Consulate\u2019s message has resonated within Antigua and Barbuda\u2019s growing Hispanic community, many of whom gathered outside the hospital Saturday evening to mourn Garcia\u2019s untimely death.<\/p>\n\n\n\n<p>Meanwhile, the Royal Police Force of Antigua and Barbuda has launched an investigation into the circumstances surrounding the fatal fall as tributes continue to pour in for the young worker, remembered as hardworking, kind and well-liked by his peers.<\/p><div id=\"antig-2704620223\" class=\"antig-content_3 antig-entity-placement\"><a href=\"https:\/\/www.courts.com\/antigua\/\" aria-label=\"IMG_1115\"><img src=\"https:\/\/mlavawteztbj.i.optimole.com\/w:864\/h:1080\/q:mauto\/f:best\/https:\/\/antiguanewsroom.com\/wp-content\/uploads\/2021\/04\/IMG_1115.jpeg\" alt=\"\"  srcset=\"https:\/\/mlavawteztbj.i.optimole.com\/w:864\/h:1080\/q:mauto\/f:best\/https:\/\/antiguanewsroom.com\/wp-content\/uploads\/2021\/04\/IMG_1115.jpeg 1080w, https:\/\/mlavawteztbj.i.optimole.com\/w:240\/h:300\/q:mauto\/f:best\/https:\/\/antiguanewsroom.com\/wp-content\/uploads\/2021\/04\/IMG_1115.jpeg 240w, https:\/\/mlavawteztbj.i.optimole.com\/w:819\/h:1024\/q:mauto\/f:best\/https:\/\/antiguanewsroom.com\/wp-content\/uploads\/2021\/04\/IMG_1115.jpeg 819w, https:\/\/mlavawteztbj.i.optimole.com\/w:768\/h:960\/q:mauto\/f:best\/https:\/\/antiguanewsroom.com\/wp-content\/uploads\/2021\/04\/IMG_1115.jpeg 768w\" sizes=\"(max-width: 696px) 100vw, 696px\" width=\"1080\" height=\"1350\"   \/><\/a><\/div>\n<div id=\"antig-2098528465\" class=\"antig-in-comments_2 antig-entity-placement\"><a href=\"https:\/\/www.facebook.com\/@hadeedmotorsltd\" aria-label=\"Hadeed_WEB_Banner_MG-2\"><img src=\"https:\/\/mlavawteztbj.i.optimole.com\/w:1000\/h:250\/q:mauto\/f:best\/https:\/\/antiguanewsroom.com\/wp-content\/uploads\/2024\/12\/Hadeed_WEB_Banner_MG-2.png\" alt=\"\"  srcset=\"https:\/\/mlavawteztbj.i.optimole.com\/w:1000\/h:250\/q:mauto\/f:best\/https:\/\/antiguanewsroom.com\/wp-content\/uploads\/2024\/12\/Hadeed_WEB_Banner_MG-2.png 1000w, https:\/\/mlavawteztbj.i.optimole.com\/w:300\/h:75\/q:mauto\/f:best\/https:\/\/antiguanewsroom.com\/wp-content\/uploads\/2024\/12\/Hadeed_WEB_Banner_MG-2.png 300w, https:\/\/mlavawteztbj.i.optimole.com\/w:768\/h:192\/q:mauto\/f:best\/https:\/\/antiguanewsroom.com\/wp-content\/uploads\/2024\/12\/Hadeed_WEB_Banner_MG-2.png 768w\" sizes=\"(max-width: 696px) 100vw, 696px\" width=\"1000\" height=\"250\"   \/><\/a><\/div>","protected":false},"excerpt":{"rendered":"<p>The Consulate General of the Dominican Republic in Antigua and Barbuda has expressed deep sorrow over the death of 23-year-old Michael Alexander Garcia, a Dominican national who died in a workplace accident on Saturday. Garcia, a farm worker and father of a three-year-old, reportedly fell from the roof of a building on a farm in [&hellip;]<\/p>\n","protected":false},"author":3,"featured_media":252545,"comment_status":"open","ping_status":"open","sticky":false,"template":"","format":"standard","meta":{"footnotes":""},"categories":[5],"tags":[],"class_list":["post-252668","post","type-post","status-publish","format-standard","has-post-thumbnail","hentry","category-news"],"yoast_head":"<!-- This site is optimized with the Yoast SEO Premium plugin v24.1 (Yoast SEO v24.1) - https:\/\/yoast.com\/wordpress\/plugins\/seo\/ -->\n<title>Dominican Republic Consulate Mourns Death of Worker in Farm Accident - Antigua News Room<\/title>\n<meta name=\"robots\" content=\"index, follow, max-snippet:-1, max-image-preview:large, max-video-preview:-1\" \/>\n<link rel=\"canonical\" href=\"https:\/\/antiguanewsroom.com\/dominican-republic-consulate-mourns-death-of-worker-in-farm-accident\/\" \/>\n<meta property=\"og:locale\" content=\"en_US\" \/>\n<meta property=\"og:type\" content=\"article\" \/>\n<meta property=\"og:title\" content=\"Dominican Republic Consulate Mourns Death of Worker in Farm Accident\" \/>\n<meta property=\"og:description\" content=\"The Consulate General of the Dominican Republic in Antigua and Barbuda has expressed deep sorrow over the death of 23-year-old Michael Alexander Garcia, a Dominican national who died in a workplace accident on Saturday. Garcia, a farm worker and father of a three-year-old, reportedly fell from the roof of a building on a farm in [&hellip;]\" \/>\n<meta property=\"og:url\" content=\"https:\/\/antiguanewsroom.com\/dominican-republic-consulate-mourns-death-of-worker-in-farm-accident\/\" \/>\n<meta property=\"og:site_name\" content=\"Antigua News Room\" \/>\n<meta property=\"article:publisher\" content=\"https:\/\/www.facebook.com\/antiguanewsroom\" \/>\n<meta property=\"article:published_time\" content=\"2025-10-06T13:27:37+00:00\" \/>\n<meta property=\"article:modified_time\" content=\"2025-10-06T13:27:38+00:00\" \/>\n<meta property=\"og:image\" content=\"https:\/\/mlavawteztbj.i.optimole.com\/w:auto\/h:auto\/q:mauto\/f:best\/https:\/\/antiguanewsroom.com\/wp-content\/uploads\/2025\/10\/WhatsApp-Image-2025-10-04-at-22.40.03.webp\" \/>\n\t<meta property=\"og:image:width\" content=\"720\" \/>\n\t<meta property=\"og:image:height\" content=\"960\" \/>\n\t<meta property=\"og:image:type\" content=\"image\/webp\" \/>\n<meta name=\"author\" content=\"Editor\" \/>\n<meta name=\"twitter:card\" content=\"summary_large_image\" \/>\n<meta name=\"twitter:creator\" content=\"@AntiguaNewsRoom\" \/>\n<meta name=\"twitter:site\" content=\"@AntiguaNewsRoom\" \/>\n<meta name=\"twitter:label1\" content=\"Written by\" \/>\n\t<meta name=\"twitter:data1\" content=\"Editor\" \/>\n\t<meta name=\"twitter:label2\" content=\"Est. reading time\" \/>\n\t<meta name=\"twitter:data2\" content=\"2 minutes\" \/>\n<script type=\"application\/ld+json\" class=\"yoast-schema-graph\">{\"@context\":\"https:\/\/schema.org\",\"@graph\":[{\"@type\":\"Article\",\"@id\":\"https:\/\/antiguanewsroom.com\/dominican-republic-consulate-mourns-death-of-worker-in-farm-accident\/#article\",\"isPartOf\":{\"@id\":\"https:\/\/antiguanewsroom.com\/dominican-republic-consulate-mourns-death-of-worker-in-farm-accident\/\"},\"author\":{\"name\":\"Editor\",\"@id\":\"https:\/\/antiguanewsroom.com\/#\/schema\/person\/36cac05ef6398fe56ae3e6317f8535c5\"},\"headline\":\"Dominican Republic Consulate Mourns Death of Worker in Farm Accident\",\"datePublished\":\"2025-10-06T13:27:37+00:00\",\"dateModified\":\"2025-10-06T13:27:38+00:00\",\"mainEntityOfPage\":{\"@id\":\"https:\/\/antiguanewsroom.com\/dominican-republic-consulate-mourns-death-of-worker-in-farm-accident\/\"},\"wordCount\":275,\"commentCount\":2,\"publisher\":{\"@id\":\"https:\/\/antiguanewsroom.com\/#organization\"},\"image\":{\"@id\":\"https:\/\/antiguanewsroom.com\/dominican-republic-consulate-mourns-death-of-worker-in-farm-accident\/#primaryimage\"},\"thumbnailUrl\":\"https:\/\/mlavawteztbj.i.optimole.com\/w:720\/h:960\/q:mauto\/f:best\/https:\/\/antiguanewsroom.com\/wp-content\/uploads\/2025\/10\/WhatsApp-Image-2025-10-04-at-22.40.03.webp\",\"articleSection\":[\"News\"],\"inLanguage\":\"en-US\",\"potentialAction\":[{\"@type\":\"CommentAction\",\"name\":\"Comment\",\"target\":[\"https:\/\/antiguanewsroom.com\/dominican-republic-consulate-mourns-death-of-worker-in-farm-accident\/#respond\"]}]},{\"@type\":\"WebPage\",\"@id\":\"https:\/\/antiguanewsroom.com\/dominican-republic-consulate-mourns-death-of-worker-in-farm-accident\/\",\"url\":\"https:\/\/antiguanewsroom.com\/dominican-republic-consulate-mourns-death-of-worker-in-farm-accident\/\",\"name\":\"Dominican Republic Consulate Mourns Death of Worker in Farm Accident - Antigua News Room\",\"isPartOf\":{\"@id\":\"https:\/\/antiguanewsroom.com\/#website\"},\"primaryImageOfPage\":{\"@id\":\"https:\/\/antiguanewsroom.com\/dominican-republic-consulate-mourns-death-of-worker-in-farm-accident\/#primaryimage\"},\"image\":{\"@id\":\"https:\/\/antiguanewsroom.com\/dominican-republic-consulate-mourns-death-of-worker-in-farm-accident\/#primaryimage\"},\"thumbnailUrl\":\"https:\/\/mlavawteztbj.i.optimole.com\/w:720\/h:960\/q:mauto\/f:best\/https:\/\/antiguanewsroom.com\/wp-content\/uploads\/2025\/10\/WhatsApp-Image-2025-10-04-at-22.40.03.webp\",\"datePublished\":\"2025-10-06T13:27:37+00:00\",\"dateModified\":\"2025-10-06T13:27:38+00:00\",\"breadcrumb\":{\"@id\":\"https:\/\/antiguanewsroom.com\/dominican-republic-consulate-mourns-death-of-worker-in-farm-accident\/#breadcrumb\"},\"inLanguage\":\"en-US\",\"potentialAction\":[{\"@type\":\"ReadAction\",\"target\":[\"https:\/\/antiguanewsroom.com\/dominican-republic-consulate-mourns-death-of-worker-in-farm-accident\/\"]}]},{\"@type\":\"ImageObject\",\"inLanguage\":\"en-US\",\"@id\":\"https:\/\/antiguanewsroom.com\/dominican-republic-consulate-mourns-death-of-worker-in-farm-accident\/#primaryimage\",\"url\":\"https:\/\/mlavawteztbj.i.optimole.com\/w:720\/h:960\/q:mauto\/f:best\/https:\/\/antiguanewsroom.com\/wp-content\/uploads\/2025\/10\/WhatsApp-Image-2025-10-04-at-22.40.03.webp\",\"contentUrl\":\"https:\/\/mlavawteztbj.i.optimole.com\/w:720\/h:960\/q:mauto\/f:best\/https:\/\/antiguanewsroom.com\/wp-content\/uploads\/2025\/10\/WhatsApp-Image-2025-10-04-at-22.40.03.webp\",\"width\":720,\"height\":960,\"caption\":\"Michael Alexander Garcia\"},{\"@type\":\"BreadcrumbList\",\"@id\":\"https:\/\/antiguanewsroom.com\/dominican-republic-consulate-mourns-death-of-worker-in-farm-accident\/#breadcrumb\",\"itemListElement\":[{\"@type\":\"ListItem\",\"position\":1,\"name\":\"Home\",\"item\":\"https:\/\/antiguanewsroom.com\/\"},{\"@type\":\"ListItem\",\"position\":2,\"name\":\"Dominican Republic Consulate Mourns Death of Worker in Farm Accident\"}]},{\"@type\":\"WebSite\",\"@id\":\"https:\/\/antiguanewsroom.com\/#website\",\"url\":\"https:\/\/antiguanewsroom.com\/\",\"name\":\"Antigua News Room\",\"description\":\"News As It Happens\",\"publisher\":{\"@id\":\"https:\/\/antiguanewsroom.com\/#organization\"},\"potentialAction\":[{\"@type\":\"SearchAction\",\"target\":{\"@type\":\"EntryPoint\",\"urlTemplate\":\"https:\/\/antiguanewsroom.com\/?s={search_term_string}\"},\"query-input\":{\"@type\":\"PropertyValueSpecification\",\"valueRequired\":true,\"valueName\":\"search_term_string\"}}],\"inLanguage\":\"en-US\"},{\"@type\":\"Organization\",\"@id\":\"https:\/\/antiguanewsroom.com\/#organization\",\"name\":\"Antigua Newsroom\",\"url\":\"https:\/\/antiguanewsroom.com\/\",\"logo\":{\"@type\":\"ImageObject\",\"inLanguage\":\"en-US\",\"@id\":\"https:\/\/antiguanewsroom.com\/#\/schema\/logo\/image\/\",\"url\":\"https:\/\/mlavawteztbj.i.optimole.com\/w:1080\/h:1080\/q:mauto\/f:best\/https:\/\/antiguanewsroom.com\/wp-content\/uploads\/2025\/08\/IMG_1584.jpeg\",\"contentUrl\":\"https:\/\/mlavawteztbj.i.optimole.com\/w:1080\/h:1080\/q:mauto\/f:best\/https:\/\/antiguanewsroom.com\/wp-content\/uploads\/2025\/08\/IMG_1584.jpeg\",\"width\":1260,\"height\":1260,\"caption\":\"Antigua Newsroom\"},\"image\":{\"@id\":\"https:\/\/antiguanewsroom.com\/#\/schema\/logo\/image\/\"},\"sameAs\":[\"https:\/\/www.facebook.com\/antiguanewsroom\",\"https:\/\/x.com\/AntiguaNewsRoom\",\"https:\/\/www.instagram.com\/antiguanewsroom\/\"]},{\"@type\":\"Person\",\"@id\":\"https:\/\/antiguanewsroom.com\/#\/schema\/person\/36cac05ef6398fe56ae3e6317f8535c5\",\"name\":\"Editor\",\"image\":{\"@type\":\"ImageObject\",\"inLanguage\":\"en-US\",\"@id\":\"https:\/\/antiguanewsroom.com\/#\/schema\/person\/image\/\",\"url\":\"https:\/\/secure.gravatar.com\/avatar\/ad516503a11cd5ca435acc9bb6523536?s=96\",\"contentUrl\":\"https:\/\/secure.gravatar.com\/avatar\/ad516503a11cd5ca435acc9bb6523536?s=96\",\"caption\":\"Editor\"},\"url\":\"https:\/\/antiguanewsroom.com\/author\/editor\/\"}]}<\/script>\n<!-- \/ Yoast SEO Premium plugin. -->","yoast_head_json":{"title":"Dominican Republic Consulate Mourns Death of Worker in Farm Accident - Antigua News Room","robots":{"index":"index","follow":"follow","max-snippet":"max-snippet:-1","max-image-preview":"max-image-preview:large","max-video-preview":"max-video-preview:-1"},"canonical":"https:\/\/antiguanewsroom.com\/dominican-republic-consulate-mourns-death-of-worker-in-farm-accident\/","og_locale":"en_US","og_type":"article","og_title":"Dominican Republic Consulate Mourns Death of Worker in Farm Accident","og_description":"The Consulate General of the Dominican Republic in Antigua and Barbuda has expressed deep sorrow over the death of 23-year-old Michael Alexander Garcia, a Dominican national who died in a workplace accident on Saturday. Garcia, a farm worker and father of a three-year-old, reportedly fell from the roof of a building on a farm in [&hellip;]","og_url":"https:\/\/antiguanewsroom.com\/dominican-republic-consulate-mourns-death-of-worker-in-farm-accident\/","og_site_name":"Antigua News Room","article_publisher":"https:\/\/www.facebook.com\/antiguanewsroom","article_published_time":"2025-10-06T13:27:37+00:00","article_modified_time":"2025-10-06T13:27:38+00:00","og_image":[{"width":720,"height":960,"url":"https:\/\/mlavawteztbj.i.optimole.com\/w:auto\/h:auto\/q:mauto\/f:best\/https:\/\/antiguanewsroom.com\/wp-content\/uploads\/2025\/10\/WhatsApp-Image-2025-10-04-at-22.40.03.webp","type":"image\/webp"}],"author":"Editor","twitter_card":"summary_large_image","twitter_creator":"@AntiguaNewsRoom","twitter_site":"@AntiguaNewsRoom","twitter_misc":{"Written by":"Editor","Est. reading time":"2 minutes"},"schema":{"@context":"https:\/\/schema.org","@graph":[{"@type":"Article","@id":"https:\/\/antiguanewsroom.com\/dominican-republic-consulate-mourns-death-of-worker-in-farm-accident\/#article","isPartOf":{"@id":"https:\/\/antiguanewsroom.com\/dominican-republic-consulate-mourns-death-of-worker-in-farm-accident\/"},"author":{"name":"Editor","@id":"https:\/\/antiguanewsroom.com\/#\/schema\/person\/36cac05ef6398fe56ae3e6317f8535c5"},"headline":"Dominican Republic Consulate Mourns Death of Worker in Farm Accident","datePublished":"2025-10-06T13:27:37+00:00","dateModified":"2025-10-06T13:27:38+00:00","mainEntityOfPage":{"@id":"https:\/\/antiguanewsroom.com\/dominican-republic-consulate-mourns-death-of-worker-in-farm-accident\/"},"wordCount":275,"commentCount":2,"publisher":{"@id":"https:\/\/antiguanewsroom.com\/#organization"},"image":{"@id":"https:\/\/antiguanewsroom.com\/dominican-republic-consulate-mourns-death-of-worker-in-farm-accident\/#primaryimage"},"thumbnailUrl":"https:\/\/mlavawteztbj.i.optimole.com\/w:720\/h:960\/q:mauto\/f:best\/https:\/\/antiguanewsroom.com\/wp-content\/uploads\/2025\/10\/WhatsApp-Image-2025-10-04-at-22.40.03.webp","articleSection":["News"],"inLanguage":"en-US","potentialAction":[{"@type":"CommentAction","name":"Comment","target":["https:\/\/antiguanewsroom.com\/dominican-republic-consulate-mourns-death-of-worker-in-farm-accident\/#respond"]}]},{"@type":"WebPage","@id":"https:\/\/antiguanewsroom.com\/dominican-republic-consulate-mourns-death-of-worker-in-farm-accident\/","url":"https:\/\/antiguanewsroom.com\/dominican-republic-consulate-mourns-death-of-worker-in-farm-accident\/","name":"Dominican Republic Consulate Mourns Death of Worker in Farm Accident - Antigua News Room","isPartOf":{"@id":"https:\/\/antiguanewsroom.com\/#website"},"primaryImageOfPage":{"@id":"https:\/\/antiguanewsroom.com\/dominican-republic-consulate-mourns-death-of-worker-in-farm-accident\/#primaryimage"},"image":{"@id":"https:\/\/antiguanewsroom.com\/dominican-republic-consulate-mourns-death-of-worker-in-farm-accident\/#primaryimage"},"thumbnailUrl":"https:\/\/mlavawteztbj.i.optimole.com\/w:720\/h:960\/q:mauto\/f:best\/https:\/\/antiguanewsroom.com\/wp-content\/uploads\/2025\/10\/WhatsApp-Image-2025-10-04-at-22.40.03.webp","datePublished":"2025-10-06T13:27:37+00:00","dateModified":"2025-10-06T13:27:38+00:00","breadcrumb":{"@id":"https:\/\/antiguanewsroom.com\/dominican-republic-consulate-mourns-death-of-worker-in-farm-accident\/#breadcrumb"},"inLanguage":"en-US","potentialAction":[{"@type":"ReadAction","target":["https:\/\/antiguanewsroom.com\/dominican-republic-consulate-mourns-death-of-worker-in-farm-accident\/"]}]},{"@type":"ImageObject","inLanguage":"en-US","@id":"https:\/\/antiguanewsroom.com\/dominican-republic-consulate-mourns-death-of-worker-in-farm-accident\/#primaryimage","url":"https:\/\/mlavawteztbj.i.optimole.com\/w:720\/h:960\/q:mauto\/f:best\/https:\/\/antiguanewsroom.com\/wp-content\/uploads\/2025\/10\/WhatsApp-Image-2025-10-04-at-22.40.03.webp","contentUrl":"https:\/\/mlavawteztbj.i.optimole.com\/w:720\/h:960\/q:mauto\/f:best\/https:\/\/antiguanewsroom.com\/wp-content\/uploads\/2025\/10\/WhatsApp-Image-2025-10-04-at-22.40.03.webp","width":720,"height":960,"caption":"Michael Alexander Garcia"},{"@type":"BreadcrumbList","@id":"https:\/\/antiguanewsroom.com\/dominican-republic-consulate-mourns-death-of-worker-in-farm-accident\/#breadcrumb","itemListElement":[{"@type":"ListItem","position":1,"name":"Home","item":"https:\/\/antiguanewsroom.com\/"},{"@type":"ListItem","position":2,"name":"Dominican Republic Consulate Mourns Death of Worker in Farm Accident"}]},{"@type":"WebSite","@id":"https:\/\/antiguanewsroom.com\/#website","url":"https:\/\/antiguanewsroom.com\/","name":"Antigua News Room","description":"News As It Happens","publisher":{"@id":"https:\/\/antiguanewsroom.com\/#organization"},"potentialAction":[{"@type":"SearchAction","target":{"@type":"EntryPoint","urlTemplate":"https:\/\/antiguanewsroom.com\/?s={search_term_string}"},"query-input":{"@type":"PropertyValueSpecification","valueRequired":true,"valueName":"search_term_string"}}],"inLanguage":"en-US"},{"@type":"Organization","@id":"https:\/\/antiguanewsroom.com\/#organization","name":"Antigua Newsroom","url":"https:\/\/antiguanewsroom.com\/","logo":{"@type":"ImageObject","inLanguage":"en-US","@id":"https:\/\/antiguanewsroom.com\/#\/schema\/logo\/image\/","url":"https:\/\/mlavawteztbj.i.optimole.com\/w:1080\/h:1080\/q:mauto\/f:best\/https:\/\/antiguanewsroom.com\/wp-content\/uploads\/2025\/08\/IMG_1584.jpeg","contentUrl":"https:\/\/mlavawteztbj.i.optimole.com\/w:1080\/h:1080\/q:mauto\/f:best\/https:\/\/antiguanewsroom.com\/wp-content\/uploads\/2025\/08\/IMG_1584.jpeg","width":1260,"height":1260,"caption":"Antigua Newsroom"},"image":{"@id":"https:\/\/antiguanewsroom.com\/#\/schema\/logo\/image\/"},"sameAs":["https:\/\/www.facebook.com\/antiguanewsroom","https:\/\/x.com\/AntiguaNewsRoom","https:\/\/www.instagram.com\/antiguanewsroom\/"]},{"@type":"Person","@id":"https:\/\/antiguanewsroom.com\/#\/schema\/person\/36cac05ef6398fe56ae3e6317f8535c5","name":"Editor","image":{"@type":"ImageObject","inLanguage":"en-US","@id":"https:\/\/antiguanewsroom.com\/#\/schema\/person\/image\/","url":"https:\/\/secure.gravatar.com\/avatar\/ad516503a11cd5ca435acc9bb6523536?s=96","contentUrl":"https:\/\/secure.gravatar.com\/avatar\/ad516503a11cd5ca435acc9bb6523536?s=96","caption":"Editor"},"url":"https:\/\/antiguanewsroom.com\/author\/editor\/"}]}},"_links":{"self":[{"href":"https:\/\/antiguanewsroom.com\/anr-api\/wp\/v2\/posts\/252668","targetHints":{"allow":["GET"]}}],"collection":[{"href":"https:\/\/antiguanewsroom.com\/anr-api\/wp\/v2\/posts"}],"about":[{"href":"https:\/\/antiguanewsroom.com\/anr-api\/wp\/v2\/types\/post"}],"author":[{"embeddable":true,"href":"https:\/\/antiguanewsroom.com\/anr-api\/wp\/v2\/users\/3"}],"replies":[{"embeddable":true,"href":"https:\/\/antiguanewsroom.com\/anr-api\/wp\/v2\/comments?post=252668"}],"version-history":[{"count":1,"href":"https:\/\/antiguanewsroom.com\/anr-api\/wp\/v2\/posts\/252668\/revisions"}],"predecessor-version":[{"id":252669,"href":"https:\/\/antiguanewsroom.com\/anr-api\/wp\/v2\/posts\/252668\/revisions\/252669"}],"wp:featuredmedia":[{"embeddable":true,"href":"https:\/\/antiguanewsroom.com\/anr-api\/wp\/v2\/media\/252545"}],"wp:attachment":[{"href":"https:\/\/antiguanewsroom.com\/anr-api\/wp\/v2\/media?parent=252668"}],"wp:term":[{"taxonomy":"category","embeddable":true,"href":"https:\/\/antiguanewsroom.com\/anr-api\/wp\/v2\/categories?post=252668"},{"taxonomy":"post_tag","embeddable":true,"href":"https:\/\/antiguanewsroom.com\/anr-api\/wp\/v2\/tags?post=252668"}],"curies":[{"name":"wp","href":"https:\/\/api.w.org\/{rel}","templated":true}]}}