{"id":249240,"date":"2025-09-09T06:25:54","date_gmt":"2025-09-09T10:25:54","guid":{"rendered":"https:\/\/antiguanewsroom.com\/?p=249240"},"modified":"2025-09-09T10:44:39","modified_gmt":"2025-09-09T14:44:39","slug":"antigua-pm-gaston-browne-engages-with-bermudas-delegation-at-africa-caricom-summit","status":"publish","type":"post","link":"https:\/\/antiguanewsroom.com\/antigua-pm-gaston-browne-engages-with-bermudas-delegation-at-africa-caricom-summit\/","title":{"rendered":"Antigua PM Gaston Browne Engages with Bermuda\u2019s Delegation at Africa\u2013Caricom Summit"},"content":{"rendered":"<div id=\"antig-3973817322\" class=\"antig-ecab antig-entity-placement\"><a href=\"https:\/\/discoverflow.co\/web\/antigua\" aria-label=\"ANU CVP Digital Broadband 1200x400_1\"><img src=\"https:\/\/mlavawteztbj.i.optimole.com\/w:1201\/h:401\/q:mauto\/f:best\/https:\/\/antiguanewsroom.com\/wp-content\/uploads\/2025\/11\/ANU-CVP-Digital-Broadband-1200x400_1-1.jpg\" alt=\"\"  srcset=\"https:\/\/mlavawteztbj.i.optimole.com\/w:1201\/h:401\/q:mauto\/f:best\/https:\/\/antiguanewsroom.com\/wp-content\/uploads\/2025\/11\/ANU-CVP-Digital-Broadband-1200x400_1-1.jpg 1201w, https:\/\/mlavawteztbj.i.optimole.com\/w:300\/h:100\/q:mauto\/f:best\/https:\/\/antiguanewsroom.com\/wp-content\/uploads\/2025\/11\/ANU-CVP-Digital-Broadband-1200x400_1-1.jpg 300w, https:\/\/mlavawteztbj.i.optimole.com\/w:1024\/h:342\/q:mauto\/f:best\/https:\/\/antiguanewsroom.com\/wp-content\/uploads\/2025\/11\/ANU-CVP-Digital-Broadband-1200x400_1-1.jpg 1024w, https:\/\/mlavawteztbj.i.optimole.com\/w:768\/h:256\/q:mauto\/f:best\/https:\/\/antiguanewsroom.com\/wp-content\/uploads\/2025\/11\/ANU-CVP-Digital-Broadband-1200x400_1-1.jpg 768w\" sizes=\"(max-width: 696px) 100vw, 696px\" width=\"1201\" height=\"401\"   \/><\/a><\/div><div id=\"antig-699689527\" class=\"antig-before-content antig-entity-placement\"><a href=\"https:\/\/www.facebook.com\/medicalbenefitsscheme\" aria-label=\"ce741a73-c70c-446b-af7f-da2abe2b62bb\"><img src=\"https:\/\/mlavawteztbj.i.optimole.com\/w:1200\/h:400\/q:mauto\/f:best\/https:\/\/antiguanewsroom.com\/wp-content\/uploads\/2024\/12\/ce741a73-c70c-446b-af7f-da2abe2b62bb.jpeg\" alt=\"\"  srcset=\"https:\/\/mlavawteztbj.i.optimole.com\/w:1200\/h:400\/q:mauto\/f:best\/https:\/\/antiguanewsroom.com\/wp-content\/uploads\/2024\/12\/ce741a73-c70c-446b-af7f-da2abe2b62bb.jpeg 1200w, https:\/\/mlavawteztbj.i.optimole.com\/w:300\/h:100\/q:mauto\/f:best\/https:\/\/antiguanewsroom.com\/wp-content\/uploads\/2024\/12\/ce741a73-c70c-446b-af7f-da2abe2b62bb.jpeg 300w, https:\/\/mlavawteztbj.i.optimole.com\/w:1024\/h:341\/q:mauto\/f:best\/https:\/\/antiguanewsroom.com\/wp-content\/uploads\/2024\/12\/ce741a73-c70c-446b-af7f-da2abe2b62bb.jpeg 1024w, https:\/\/mlavawteztbj.i.optimole.com\/w:768\/h:256\/q:mauto\/f:best\/https:\/\/antiguanewsroom.com\/wp-content\/uploads\/2024\/12\/ce741a73-c70c-446b-af7f-da2abe2b62bb.jpeg 768w\" sizes=\"(max-width: 696px) 100vw, 696px\" width=\"1200\" height=\"400\"   \/><\/a><\/div>\n<p><a href=\"https:\/\/whatsapp.com\/channel\/0029VaFMdgE6mYPT8QGXjA0A\"><strong><em>CLICK HERE TO JOIN OUR WHAT\u2019S APP GROUP<\/em><\/strong><\/a><\/p><div id=\"antig-2920146570\" class=\"antig-content_5 antig-entity-placement\"><a href=\"https:\/\/www.facebook.com\/ablpag\" aria-label=\"Full-ABLP-Team-Digital-Billboard-1920x1080px\"><img src=\"https:\/\/mlavawteztbj.i.optimole.com\/w:1920\/h:1080\/q:mauto\/f:best\/https:\/\/antiguanewsroom.com\/wp-content\/uploads\/2023\/01\/Full-ABLP-Team-Digital-Billboard-1920x1080px.jpg\" alt=\"\"  srcset=\"https:\/\/mlavawteztbj.i.optimole.com\/w:1920\/h:1080\/q:mauto\/f:best\/https:\/\/antiguanewsroom.com\/wp-content\/uploads\/2023\/01\/Full-ABLP-Team-Digital-Billboard-1920x1080px.jpg 1920w, https:\/\/mlavawteztbj.i.optimole.com\/w:300\/h:169\/q:mauto\/f:best\/https:\/\/antiguanewsroom.com\/wp-content\/uploads\/2023\/01\/Full-ABLP-Team-Digital-Billboard-1920x1080px.jpg 300w, https:\/\/mlavawteztbj.i.optimole.com\/w:1024\/h:576\/q:mauto\/f:best\/https:\/\/antiguanewsroom.com\/wp-content\/uploads\/2023\/01\/Full-ABLP-Team-Digital-Billboard-1920x1080px.jpg 1024w, https:\/\/mlavawteztbj.i.optimole.com\/w:768\/h:432\/q:mauto\/f:best\/https:\/\/antiguanewsroom.com\/wp-content\/uploads\/2023\/01\/Full-ABLP-Team-Digital-Billboard-1920x1080px.jpg 768w, https:\/\/mlavawteztbj.i.optimole.com\/w:1536\/h:864\/q:mauto\/f:best\/https:\/\/antiguanewsroom.com\/wp-content\/uploads\/2023\/01\/Full-ABLP-Team-Digital-Billboard-1920x1080px.jpg 1536w\" sizes=\"(max-width: 696px) 100vw, 696px\" width=\"1920\" height=\"1080\"   \/><\/a><\/div>\n\n\n\n<p><strong>SOURCE- ROYAL GAZETTE:<\/strong> Alexa Lightbourne, the Minister of Home Affairs, with<a href=\"https:\/\/antiguanewsroom.com\/human-resource-professionals-of-antigua-and-barbuda-elects-new-executive-for-2025-2027-term\/?swcfpc=1\"> Gaston Browne<\/a>, the Prime Minister of <a href=\"https:\/\/antiguanewsroom.com\/human-resource-professionals-of-antigua-and-barbuda-elects-new-executive-for-2025-2027-term\/?swcfpc=1\">Antigua &amp; Barbuda <\/a>(Photograph supplied)<\/p>\n\n\n\n<p>The strength of <a href=\"https:\/\/antiguanewsroom.com\/human-resource-professionals-of-antigua-and-barbuda-elects-new-executive-for-2025-2027-term\/?swcfpc=1\">Bermuda\u2019s <\/a>connection with Africa and the Caribbean, and the memory of a \u201cshared struggle,\u201d was highlighted by the Minister of Home Affairs at a global summit. <a href=\"https:\/\/whatsapp.com\/channel\/0029VaFMdgE6mYPT8QGXjA0A\"><strong><em>CLICK HERE TO JOIN OUR WHAT\u2019S APP GROUP<\/em><\/strong><\/a><\/p><div id=\"antig-2676163502\" class=\"antig-content_4 antig-entity-placement\"><a href=\"https:\/\/discoverflow.co\/web\/antigua\" aria-label=\"ANU CVP Digital Broadband 1200x400_1\"><img src=\"https:\/\/mlavawteztbj.i.optimole.com\/w:1201\/h:401\/q:mauto\/f:best\/https:\/\/antiguanewsroom.com\/wp-content\/uploads\/2025\/11\/ANU-CVP-Digital-Broadband-1200x400_1-1.jpg\" alt=\"\"  srcset=\"https:\/\/mlavawteztbj.i.optimole.com\/w:1201\/h:401\/q:mauto\/f:best\/https:\/\/antiguanewsroom.com\/wp-content\/uploads\/2025\/11\/ANU-CVP-Digital-Broadband-1200x400_1-1.jpg 1201w, https:\/\/mlavawteztbj.i.optimole.com\/w:300\/h:100\/q:mauto\/f:best\/https:\/\/antiguanewsroom.com\/wp-content\/uploads\/2025\/11\/ANU-CVP-Digital-Broadband-1200x400_1-1.jpg 300w, https:\/\/mlavawteztbj.i.optimole.com\/w:1024\/h:342\/q:mauto\/f:best\/https:\/\/antiguanewsroom.com\/wp-content\/uploads\/2025\/11\/ANU-CVP-Digital-Broadband-1200x400_1-1.jpg 1024w, https:\/\/mlavawteztbj.i.optimole.com\/w:768\/h:256\/q:mauto\/f:best\/https:\/\/antiguanewsroom.com\/wp-content\/uploads\/2025\/11\/ANU-CVP-Digital-Broadband-1200x400_1-1.jpg 768w\" sizes=\"(max-width: 696px) 100vw, 696px\" width=\"1201\" height=\"401\"   \/><\/a><\/div><div id=\"antig-1652483988\" class=\"antig-content_12 antig-entity-placement\"><a href=\"https:\/\/www.facebook.com\/ablpag\" aria-label=\"WhatsApp Image 2026-04-26 at 07.24.59\"><img src=\"https:\/\/mlavawteztbj.i.optimole.com\/w:864\/h:1080\/q:mauto\/f:best\/https:\/\/antiguanewsroom.com\/wp-content\/uploads\/2026\/04\/WhatsApp-Image-2026-04-26-at-07.24.59.jpeg\" alt=\"\"  srcset=\"https:\/\/mlavawteztbj.i.optimole.com\/w:864\/h:1080\/q:mauto\/f:best\/https:\/\/antiguanewsroom.com\/wp-content\/uploads\/2026\/04\/WhatsApp-Image-2026-04-26-at-07.24.59.jpeg 1080w, https:\/\/mlavawteztbj.i.optimole.com\/w:240\/h:300\/q:mauto\/f:best\/https:\/\/antiguanewsroom.com\/wp-content\/uploads\/2026\/04\/WhatsApp-Image-2026-04-26-at-07.24.59.jpeg 240w, https:\/\/mlavawteztbj.i.optimole.com\/w:819\/h:1024\/q:mauto\/f:best\/https:\/\/antiguanewsroom.com\/wp-content\/uploads\/2026\/04\/WhatsApp-Image-2026-04-26-at-07.24.59.jpeg 819w, https:\/\/mlavawteztbj.i.optimole.com\/w:768\/h:960\/q:mauto\/f:best\/https:\/\/antiguanewsroom.com\/wp-content\/uploads\/2026\/04\/WhatsApp-Image-2026-04-26-at-07.24.59.jpeg 768w\" sizes=\"(max-width: 696px) 100vw, 696px\" width=\"1080\" height=\"1350\"   \/><\/a><\/div>\n\n\n\n<p>Alexa Lightbourne also noted the possibility of a \u201cshared future\u201d as she leads a Bermudian delegation at the second Africa-Caricom Summit in Addis Ababa, Ethiopia, which concludes today.<\/p><div id=\"antig-2426285031\" class=\"antig-content antig-entity-placement\"><a href=\"https:\/\/www.antiguabarbudaculinarymonth.com\/\" aria-label=\"culinary\"><img src=\"https:\/\/mlavawteztbj.i.optimole.com\/w:1920\/h:843\/q:mauto\/f:best\/https:\/\/antiguanewsroom.com\/wp-content\/uploads\/2025\/04\/culinary-scaled.jpg\" alt=\"\"  srcset=\"https:\/\/mlavawteztbj.i.optimole.com\/w:1920\/h:843\/q:mauto\/f:best\/https:\/\/antiguanewsroom.com\/wp-content\/uploads\/2025\/04\/culinary-scaled.jpg 2560w, https:\/\/mlavawteztbj.i.optimole.com\/w:300\/h:132\/q:mauto\/f:best\/https:\/\/antiguanewsroom.com\/wp-content\/uploads\/2025\/04\/culinary-scaled.jpg 300w, https:\/\/mlavawteztbj.i.optimole.com\/w:1024\/h:450\/q:mauto\/f:best\/https:\/\/antiguanewsroom.com\/wp-content\/uploads\/2025\/04\/culinary-scaled.jpg 1024w, https:\/\/mlavawteztbj.i.optimole.com\/w:768\/h:337\/q:mauto\/f:best\/https:\/\/antiguanewsroom.com\/wp-content\/uploads\/2025\/04\/culinary-scaled.jpg 768w, https:\/\/mlavawteztbj.i.optimole.com\/w:1536\/h:675\/q:mauto\/f:best\/https:\/\/antiguanewsroom.com\/wp-content\/uploads\/2025\/04\/culinary-scaled.jpg 1536w, https:\/\/mlavawteztbj.i.optimole.com\/w:1920\/h:842\/q:mauto\/f:best\/https:\/\/antiguanewsroom.com\/wp-content\/uploads\/2025\/04\/culinary-scaled.jpg 2048w\" sizes=\"(max-width: 696px) 100vw, 696px\" width=\"2560\" height=\"1124\"   \/><\/a><\/div>\n\n\n\n<p>The event, which is hosted by the African Union Commission, was \u201cpivotal\u201d in the Government\u2019s strategic pursuit of full membership in Caricom, a spokeswoman said.<\/p>\n\n\n\n<p>Ms Lightbourne said: \u201cAs descendants of Africa, dispersed across oceans by history, our gathering in Addis Ababa carries profound meaning.<\/p><div id=\"antig-2118569695\" class=\"antig-content_2 antig-entity-placement\"><a href=\"https:\/\/www.courts.com\/antigua\/\" aria-label=\"IMG_0783\"><img src=\"https:\/\/mlavawteztbj.i.optimole.com\/w:500\/h:500\/q:mauto\/f:best\/https:\/\/antiguanewsroom.com\/wp-content\/uploads\/2021\/03\/IMG_0783.png\" alt=\"\"  srcset=\"https:\/\/mlavawteztbj.i.optimole.com\/w:500\/h:500\/q:mauto\/f:best\/https:\/\/antiguanewsroom.com\/wp-content\/uploads\/2021\/03\/IMG_0783.png 500w, https:\/\/mlavawteztbj.i.optimole.com\/w:300\/h:300\/q:mauto\/f:best\/https:\/\/antiguanewsroom.com\/wp-content\/uploads\/2021\/03\/IMG_0783.png 300w, https:\/\/mlavawteztbj.i.optimole.com\/w:150\/h:150\/q:mauto\/f:best\/https:\/\/antiguanewsroom.com\/wp-content\/uploads\/2021\/03\/IMG_0783.png 150w\" sizes=\"(max-width: 500px) 100vw, 500px\" width=\"500\" height=\"500\"   \/><\/a><\/div>\n\n\n\n<p>\u201cThe voices we carry from home, and the voices of the diaspora in places such as Shashemene, call Bermuda to build a future anchored in justice, equity, and solidarity, with our Caribbean and African brothers and sisters.<\/p>\n\n\n\n<p>\u201cThe strength of this moment lies in connection. Connection between our island and the wider Caribbean family.<\/p><div id=\"antig-2952531311\" class=\"antig-content_3 antig-entity-placement\"><a href=\"https:\/\/www.courts.com\/antigua\/\" aria-label=\"1000436969\"><img src=\"https:\/\/mlavawteztbj.i.optimole.com\/w:864\/h:1080\/q:mauto\/f:best\/https:\/\/antiguanewsroom.com\/wp-content\/uploads\/2026\/04\/1000436969.jpg\" alt=\"\"  srcset=\"https:\/\/mlavawteztbj.i.optimole.com\/w:864\/h:1080\/q:mauto\/f:best\/https:\/\/antiguanewsroom.com\/wp-content\/uploads\/2026\/04\/1000436969.jpg 1080w, https:\/\/mlavawteztbj.i.optimole.com\/w:240\/h:300\/q:mauto\/f:best\/https:\/\/antiguanewsroom.com\/wp-content\/uploads\/2026\/04\/1000436969.jpg 240w, https:\/\/mlavawteztbj.i.optimole.com\/w:819\/h:1024\/q:mauto\/f:best\/https:\/\/antiguanewsroom.com\/wp-content\/uploads\/2026\/04\/1000436969.jpg 819w, https:\/\/mlavawteztbj.i.optimole.com\/w:768\/h:960\/q:mauto\/f:best\/https:\/\/antiguanewsroom.com\/wp-content\/uploads\/2026\/04\/1000436969.jpg 768w\" sizes=\"(max-width: 696px) 100vw, 696px\" width=\"1080\" height=\"1350\"   \/><\/a><\/div>\n\n\n\n<p>\u201cConnection between the Caribbean and Africa. And connection between all the diaspora communities who keep alive the memory of our shared struggle and the possibility of our shared future.\u201d<\/p><div id=\"antig-1420220700\" class=\"antig-content_6 antig-entity-placement\"><a href=\"https:\/\/discoverflow.co\/web\/antigua\" aria-label=\"ANU CVP Digital Broadband 1200x400_1\"><img src=\"https:\/\/mlavawteztbj.i.optimole.com\/w:1201\/h:401\/q:mauto\/f:best\/https:\/\/antiguanewsroom.com\/wp-content\/uploads\/2025\/11\/ANU-CVP-Digital-Broadband-1200x400_1-1.jpg\" alt=\"\"  srcset=\"https:\/\/mlavawteztbj.i.optimole.com\/w:1201\/h:401\/q:mauto\/f:best\/https:\/\/antiguanewsroom.com\/wp-content\/uploads\/2025\/11\/ANU-CVP-Digital-Broadband-1200x400_1-1.jpg 1201w, https:\/\/mlavawteztbj.i.optimole.com\/w:300\/h:100\/q:mauto\/f:best\/https:\/\/antiguanewsroom.com\/wp-content\/uploads\/2025\/11\/ANU-CVP-Digital-Broadband-1200x400_1-1.jpg 300w, https:\/\/mlavawteztbj.i.optimole.com\/w:1024\/h:342\/q:mauto\/f:best\/https:\/\/antiguanewsroom.com\/wp-content\/uploads\/2025\/11\/ANU-CVP-Digital-Broadband-1200x400_1-1.jpg 1024w, https:\/\/mlavawteztbj.i.optimole.com\/w:768\/h:256\/q:mauto\/f:best\/https:\/\/antiguanewsroom.com\/wp-content\/uploads\/2025\/11\/ANU-CVP-Digital-Broadband-1200x400_1-1.jpg 768w\" sizes=\"(max-width: 696px) 100vw, 696px\" width=\"1201\" height=\"401\"   \/><\/a><\/div>\n\n\n\n<p>Ms Lightbourne was accompanied on the trip by Pandora Glasford, the Permanent Secretary at the Ministry of Home Affairs.<\/p>\n\n\n\n<p>The event brought together a distinguished gathering of global leaders which includes UN Secretary-General Ant\u00f3nio Guterres and Jo\u00e3o Manuel Gon\u00e7alves Louren\u00e7o, the President of Angola and chairman of the African Union, among other African and Caribbean leaders.<\/p>\n\n\n\n<p>A government spokeswoman said Ms Lightbourne\u2019s presence at the event underscores Bermuda\u2019s commitment to \u201cnot only strengthening its ties within the Caribbean family but also to engaging with Africa on a broader, more impactful scale\u201d.<\/p>\n\n\n\n<p>She said activities at the event included discussions with Phillip Davis, the Prime Minister of the Bahamas, Ralph Gonsalves, the Prime Minister of St Vincent &amp; the Grenadines, and Gaston Browne, the Prime Minister of <a href=\"https:\/\/antiguanewsroom.com\/human-resource-professionals-of-antigua-and-barbuda-elects-new-executive-for-2025-2027-term\/?swcfpc=1\">Antigua &amp; Barbuda<\/a>.<\/p>\n\n\n\n<figure class=\"wp-block-image\"><img decoding=\"async\" src=\"https:\/\/imengine.public.prod.rgb.navigacloud.com\/?uuid=ce637200-8a43-5bec-b61d-ab9b62824cca&amp;type=primary&amp;function=cover&amp;source=false&amp;width=800\" alt=\"\"\/><\/figure>\n\n\n\n<p>Alexa Lightbourne, the Minister of Home Affairs, with Frederick Mitchell, the Minister of Foreign Affairs of the Bahamas (Photograph supplied)<\/p>\n\n\n\n<p>This year\u2019s summit is being held under the theme \u201cTranscontinental Partnership in Pursuit of Reparatory Justice for Africans and People of African Descent Through Reparations\u201d.<\/p>\n\n\n\n<p>It is the first in-person gathering of the event following the first edition, a virtual summit, was held in 2021.<\/p>\n\n\n\n<p>The spokeswoman said the forum provides a crucial platform for Africa-Caribbean leaders to discuss shared challenges and forge a common agenda on issues ranging from debt sustainability and climate change to food security and the establishment of a transatlantic air route.<\/p>\n\n\n\n<p>She added that, while Bermuda&#8217;s status as an observer limits formal participation in all plenary sessions, Ms Lightbourne is attending key events to advocate on behalf of the island, demonstrating the value of a direct voice for Bermuda on the world stage.<\/p>\n\n\n\n<p><a href=\"https:\/\/whatsapp.com\/channel\/0029VaFMdgE6mYPT8QGXjA0A\"><strong><em>CLICK HERE TO JOIN OUR WHAT\u2019S APP GROUP<\/em><\/strong><\/a><\/p>\n\n\n\n<p><a href=\"https:\/\/whatsapp.com\/channel\/0029VaFMdgE6mYPT8QGXjA0A\"><strong><em>CLICK HERE TO JOIN OUR WHAT\u2019S APP GROUP<\/em><\/strong><\/a><\/p>\n\n\n\n<p><a href=\"https:\/\/whatsapp.com\/channel\/0029VaFMdgE6mYPT8QGXjA0A\"><strong><em>CLICK HERE TO JOIN OUR WHAT\u2019S APP GROUP<\/em><\/strong><\/a><\/p>\n\n\n\n<p><a href=\"https:\/\/whatsapp.com\/channel\/0029VaFMdgE6mYPT8QGXjA0A\"><strong><em>CLICK HERE TO JOIN OUR WHAT\u2019S APP GROUP<\/em><\/strong><\/a><\/p>\n\n\n\n<p><a href=\"https:\/\/whatsapp.com\/channel\/0029VaFMdgE6mYPT8QGXjA0A\"><strong><em>CLICK HERE TO JOIN OUR WHAT\u2019S APP GROUP<\/em><\/strong><\/a><\/p>\n\n\n\n<p><a href=\"https:\/\/whatsapp.com\/channel\/0029VaFMdgE6mYPT8QGXjA0A\"><strong><em>CLICK HERE TO JOIN OUR WHAT\u2019S APP GROUP<\/em><\/strong><\/a><\/p>\n\n\n\n<p><a href=\"https:\/\/whatsapp.com\/channel\/0029VaFMdgE6mYPT8QGXjA0A\"><strong><em>CLICK HERE TO JOIN OUR WHAT\u2019S APP GROUP<\/em><\/strong><\/a><\/p>\n\n\n\n<p><a href=\"https:\/\/whatsapp.com\/channel\/0029VaFMdgE6mYPT8QGXjA0A\"><strong><em>CLICK HERE TO JOIN OUR WHAT\u2019S APP GROUP<\/em><\/strong><\/a><\/p>\n\n\n\n<p><a href=\"https:\/\/whatsapp.com\/channel\/0029VaFMdgE6mYPT8QGXjA0A\"><strong><em>CLICK HERE TO JOIN OUR WHAT\u2019S APP GROUP<\/em><\/strong><\/a><\/p>\n\n\n\n<p><a href=\"https:\/\/whatsapp.com\/channel\/0029VaFMdgE6mYPT8QGXjA0A\"><strong><em>CLICK HERE TO JOIN OUR WHAT\u2019S APP GROUP<\/em><\/strong><\/a><\/p>\n\n\n\n<p><a href=\"https:\/\/whatsapp.com\/channel\/0029VaFMdgE6mYPT8QGXjA0A\"><strong><em>CLICK HERE TO JOIN OUR WHAT\u2019S APP GROUP<\/em><\/strong><\/a><\/p>\n\n\n\n<p><a href=\"https:\/\/whatsapp.com\/channel\/0029VaFMdgE6mYPT8QGXjA0A\"><strong><em>CLICK HERE TO JOIN OUR WHAT\u2019S APP GROUP<\/em><\/strong><\/a><\/p>\n\n\n\n<p><a href=\"https:\/\/whatsapp.com\/channel\/0029VaFMdgE6mYPT8QGXjA0A\"><strong><em>CLICK HERE TO JOIN OUR WHAT\u2019S APP GROUP<\/em><\/strong><\/a><\/p>\n\n\n\n<p><a href=\"https:\/\/whatsapp.com\/channel\/0029VaFMdgE6mYPT8QGXjA0A\"><strong><em>CLICK HERE TO JOIN OUR WHAT\u2019S APP GROUP<\/em><\/strong><\/a><\/p>\n<div id=\"antig-1100828367\" class=\"antig-in-comments_2 antig-entity-placement\"><a href=\"https:\/\/www.facebook.com\/@hadeedmotorsltd\" aria-label=\"Hadeed_WEB_Banner_MG-2\"><img src=\"https:\/\/mlavawteztbj.i.optimole.com\/w:1000\/h:250\/q:mauto\/f:best\/https:\/\/antiguanewsroom.com\/wp-content\/uploads\/2024\/12\/Hadeed_WEB_Banner_MG-2.png\" alt=\"\"  srcset=\"https:\/\/mlavawteztbj.i.optimole.com\/w:1000\/h:250\/q:mauto\/f:best\/https:\/\/antiguanewsroom.com\/wp-content\/uploads\/2024\/12\/Hadeed_WEB_Banner_MG-2.png 1000w, https:\/\/mlavawteztbj.i.optimole.com\/w:300\/h:75\/q:mauto\/f:best\/https:\/\/antiguanewsroom.com\/wp-content\/uploads\/2024\/12\/Hadeed_WEB_Banner_MG-2.png 300w, https:\/\/mlavawteztbj.i.optimole.com\/w:768\/h:192\/q:mauto\/f:best\/https:\/\/antiguanewsroom.com\/wp-content\/uploads\/2024\/12\/Hadeed_WEB_Banner_MG-2.png 768w\" sizes=\"(max-width: 696px) 100vw, 696px\" width=\"1000\" height=\"250\"   \/><\/a><\/div>","protected":false},"excerpt":{"rendered":"<p>CLICK HERE TO JOIN OUR WHAT\u2019S APP GROUP SOURCE- ROYAL GAZETTE: Alexa Lightbourne, the Minister of Home Affairs, with Gaston Browne, the Prime Minister of Antigua &amp; Barbuda (Photograph supplied) The strength of Bermuda\u2019s connection with Africa and the Caribbean, and the memory of a \u201cshared struggle,\u201d was highlighted by the Minister of Home Affairs [&hellip;]<\/p>\n","protected":false},"author":3,"featured_media":249241,"comment_status":"open","ping_status":"open","sticky":false,"template":"","format":"standard","meta":{"footnotes":""},"categories":[1],"tags":[],"class_list":["post-249240","post","type-post","status-publish","format-standard","has-post-thumbnail","hentry","category-featured"],"yoast_head":"<!-- This site is optimized with the Yoast SEO Premium plugin v24.1 (Yoast SEO v24.1) - https:\/\/yoast.com\/wordpress\/plugins\/seo\/ -->\n<title>Antigua Barbuda Strengthens Ties with Africa - Antigua News Room<\/title>\n<meta name=\"description\" content=\"Explore the significance of Antigua Barbuda at the Africa-Caricom Summit and its connections to Africa and the Caribbean.\" \/>\n<meta name=\"robots\" content=\"index, follow, max-snippet:-1, max-image-preview:large, max-video-preview:-1\" \/>\n<link rel=\"canonical\" href=\"https:\/\/antiguanewsroom.com\/antigua-pm-gaston-browne-engages-with-bermudas-delegation-at-africa-caricom-summit\/\" \/>\n<meta property=\"og:locale\" content=\"en_US\" \/>\n<meta property=\"og:type\" content=\"article\" \/>\n<meta property=\"og:title\" content=\"Antigua PM Gaston Browne Engages with Bermuda\u2019s Delegation at Africa\u2013Caricom Summit\" \/>\n<meta property=\"og:description\" content=\"Explore the significance of Antigua Barbuda at the Africa-Caricom Summit and its connections to Africa and the Caribbean.\" \/>\n<meta property=\"og:url\" content=\"https:\/\/antiguanewsroom.com\/antigua-pm-gaston-browne-engages-with-bermudas-delegation-at-africa-caricom-summit\/\" \/>\n<meta property=\"og:site_name\" content=\"Antigua News Room\" \/>\n<meta property=\"article:publisher\" content=\"https:\/\/www.facebook.com\/antiguanewsroom\" \/>\n<meta property=\"article:published_time\" content=\"2025-09-09T10:25:54+00:00\" \/>\n<meta property=\"article:modified_time\" content=\"2025-09-09T14:44:39+00:00\" \/>\n<meta property=\"og:image\" content=\"https:\/\/mlavawteztbj.i.optimole.com\/w:auto\/h:auto\/q:mauto\/f:best\/https:\/\/antiguanewsroom.com\/wp-content\/uploads\/2025\/09\/download.jpeg\" \/>\n\t<meta property=\"og:image:width\" content=\"313\" \/>\n\t<meta property=\"og:image:height\" content=\"161\" \/>\n\t<meta property=\"og:image:type\" content=\"image\/jpeg\" \/>\n<meta name=\"author\" content=\"Editor\" \/>\n<meta name=\"twitter:card\" content=\"summary_large_image\" \/>\n<meta name=\"twitter:creator\" content=\"@AntiguaNewsRoom\" \/>\n<meta name=\"twitter:site\" content=\"@AntiguaNewsRoom\" \/>\n<meta name=\"twitter:label1\" content=\"Written by\" \/>\n\t<meta name=\"twitter:data1\" content=\"Editor\" \/>\n\t<meta name=\"twitter:label2\" content=\"Est. reading time\" \/>\n\t<meta name=\"twitter:data2\" content=\"4 minutes\" \/>\n<script type=\"application\/ld+json\" class=\"yoast-schema-graph\">{\"@context\":\"https:\/\/schema.org\",\"@graph\":[{\"@type\":\"Article\",\"@id\":\"https:\/\/antiguanewsroom.com\/antigua-pm-gaston-browne-engages-with-bermudas-delegation-at-africa-caricom-summit\/#article\",\"isPartOf\":{\"@id\":\"https:\/\/antiguanewsroom.com\/antigua-pm-gaston-browne-engages-with-bermudas-delegation-at-africa-caricom-summit\/\"},\"author\":{\"name\":\"Editor\",\"@id\":\"https:\/\/antiguanewsroom.com\/#\/schema\/person\/36cac05ef6398fe56ae3e6317f8535c5\"},\"headline\":\"Antigua PM Gaston Browne Engages with Bermuda\u2019s Delegation at Africa\u2013Caricom Summit\",\"datePublished\":\"2025-09-09T10:25:54+00:00\",\"dateModified\":\"2025-09-09T14:44:39+00:00\",\"mainEntityOfPage\":{\"@id\":\"https:\/\/antiguanewsroom.com\/antigua-pm-gaston-browne-engages-with-bermudas-delegation-at-africa-caricom-summit\/\"},\"wordCount\":650,\"commentCount\":0,\"publisher\":{\"@id\":\"https:\/\/antiguanewsroom.com\/#organization\"},\"image\":{\"@id\":\"https:\/\/antiguanewsroom.com\/antigua-pm-gaston-browne-engages-with-bermudas-delegation-at-africa-caricom-summit\/#primaryimage\"},\"thumbnailUrl\":\"https:\/\/mlavawteztbj.i.optimole.com\/w:313\/h:161\/q:mauto\/f:best\/https:\/\/antiguanewsroom.com\/wp-content\/uploads\/2025\/09\/download.jpeg\",\"articleSection\":[\"Featured\"],\"inLanguage\":\"en-US\",\"potentialAction\":[{\"@type\":\"CommentAction\",\"name\":\"Comment\",\"target\":[\"https:\/\/antiguanewsroom.com\/antigua-pm-gaston-browne-engages-with-bermudas-delegation-at-africa-caricom-summit\/#respond\"]}]},{\"@type\":\"WebPage\",\"@id\":\"https:\/\/antiguanewsroom.com\/antigua-pm-gaston-browne-engages-with-bermudas-delegation-at-africa-caricom-summit\/\",\"url\":\"https:\/\/antiguanewsroom.com\/antigua-pm-gaston-browne-engages-with-bermudas-delegation-at-africa-caricom-summit\/\",\"name\":\"Antigua Barbuda Strengthens Ties with Africa - Antigua News Room\",\"isPartOf\":{\"@id\":\"https:\/\/antiguanewsroom.com\/#website\"},\"primaryImageOfPage\":{\"@id\":\"https:\/\/antiguanewsroom.com\/antigua-pm-gaston-browne-engages-with-bermudas-delegation-at-africa-caricom-summit\/#primaryimage\"},\"image\":{\"@id\":\"https:\/\/antiguanewsroom.com\/antigua-pm-gaston-browne-engages-with-bermudas-delegation-at-africa-caricom-summit\/#primaryimage\"},\"thumbnailUrl\":\"https:\/\/mlavawteztbj.i.optimole.com\/w:313\/h:161\/q:mauto\/f:best\/https:\/\/antiguanewsroom.com\/wp-content\/uploads\/2025\/09\/download.jpeg\",\"datePublished\":\"2025-09-09T10:25:54+00:00\",\"dateModified\":\"2025-09-09T14:44:39+00:00\",\"description\":\"Explore the significance of Antigua Barbuda at the Africa-Caricom Summit and its connections to Africa and the Caribbean.\",\"breadcrumb\":{\"@id\":\"https:\/\/antiguanewsroom.com\/antigua-pm-gaston-browne-engages-with-bermudas-delegation-at-africa-caricom-summit\/#breadcrumb\"},\"inLanguage\":\"en-US\",\"potentialAction\":[{\"@type\":\"ReadAction\",\"target\":[\"https:\/\/antiguanewsroom.com\/antigua-pm-gaston-browne-engages-with-bermudas-delegation-at-africa-caricom-summit\/\"]}]},{\"@type\":\"ImageObject\",\"inLanguage\":\"en-US\",\"@id\":\"https:\/\/antiguanewsroom.com\/antigua-pm-gaston-browne-engages-with-bermudas-delegation-at-africa-caricom-summit\/#primaryimage\",\"url\":\"https:\/\/mlavawteztbj.i.optimole.com\/w:313\/h:161\/q:mauto\/f:best\/https:\/\/antiguanewsroom.com\/wp-content\/uploads\/2025\/09\/download.jpeg\",\"contentUrl\":\"https:\/\/mlavawteztbj.i.optimole.com\/w:313\/h:161\/q:mauto\/f:best\/https:\/\/antiguanewsroom.com\/wp-content\/uploads\/2025\/09\/download.jpeg\",\"width\":313,\"height\":161,\"caption\":\"Alexa Lightbourne, the Minister of Home Affairs, with Gaston Browne, the Prime Minister of Antigua & Barbuda (Photograph supplied)\"},{\"@type\":\"BreadcrumbList\",\"@id\":\"https:\/\/antiguanewsroom.com\/antigua-pm-gaston-browne-engages-with-bermudas-delegation-at-africa-caricom-summit\/#breadcrumb\",\"itemListElement\":[{\"@type\":\"ListItem\",\"position\":1,\"name\":\"Home\",\"item\":\"https:\/\/antiguanewsroom.com\/\"},{\"@type\":\"ListItem\",\"position\":2,\"name\":\"Antigua PM Gaston Browne Engages with Bermuda\u2019s Delegation at Africa\u2013Caricom Summit\"}]},{\"@type\":\"WebSite\",\"@id\":\"https:\/\/antiguanewsroom.com\/#website\",\"url\":\"https:\/\/antiguanewsroom.com\/\",\"name\":\"Antigua News Room\",\"description\":\"News As It Happens\",\"publisher\":{\"@id\":\"https:\/\/antiguanewsroom.com\/#organization\"},\"potentialAction\":[{\"@type\":\"SearchAction\",\"target\":{\"@type\":\"EntryPoint\",\"urlTemplate\":\"https:\/\/antiguanewsroom.com\/?s={search_term_string}\"},\"query-input\":{\"@type\":\"PropertyValueSpecification\",\"valueRequired\":true,\"valueName\":\"search_term_string\"}}],\"inLanguage\":\"en-US\"},{\"@type\":\"Organization\",\"@id\":\"https:\/\/antiguanewsroom.com\/#organization\",\"name\":\"Antigua Newsroom\",\"url\":\"https:\/\/antiguanewsroom.com\/\",\"logo\":{\"@type\":\"ImageObject\",\"inLanguage\":\"en-US\",\"@id\":\"https:\/\/antiguanewsroom.com\/#\/schema\/logo\/image\/\",\"url\":\"https:\/\/mlavawteztbj.i.optimole.com\/w:1080\/h:1080\/q:mauto\/f:best\/https:\/\/antiguanewsroom.com\/wp-content\/uploads\/2025\/08\/IMG_1584.jpeg\",\"contentUrl\":\"https:\/\/mlavawteztbj.i.optimole.com\/w:1080\/h:1080\/q:mauto\/f:best\/https:\/\/antiguanewsroom.com\/wp-content\/uploads\/2025\/08\/IMG_1584.jpeg\",\"width\":1260,\"height\":1260,\"caption\":\"Antigua Newsroom\"},\"image\":{\"@id\":\"https:\/\/antiguanewsroom.com\/#\/schema\/logo\/image\/\"},\"sameAs\":[\"https:\/\/www.facebook.com\/antiguanewsroom\",\"https:\/\/x.com\/AntiguaNewsRoom\",\"https:\/\/www.instagram.com\/antiguanewsroom\/\"]},{\"@type\":\"Person\",\"@id\":\"https:\/\/antiguanewsroom.com\/#\/schema\/person\/36cac05ef6398fe56ae3e6317f8535c5\",\"name\":\"Editor\",\"image\":{\"@type\":\"ImageObject\",\"inLanguage\":\"en-US\",\"@id\":\"https:\/\/antiguanewsroom.com\/#\/schema\/person\/image\/\",\"url\":\"https:\/\/secure.gravatar.com\/avatar\/ad516503a11cd5ca435acc9bb6523536?s=96\",\"contentUrl\":\"https:\/\/secure.gravatar.com\/avatar\/ad516503a11cd5ca435acc9bb6523536?s=96\",\"caption\":\"Editor\"},\"url\":\"https:\/\/antiguanewsroom.com\/author\/editor\/\"}]}<\/script>\n<!-- \/ Yoast SEO Premium plugin. -->","yoast_head_json":{"title":"Antigua Barbuda Strengthens Ties with Africa - Antigua News Room","description":"Explore the significance of Antigua Barbuda at the Africa-Caricom Summit and its connections to Africa and the Caribbean.","robots":{"index":"index","follow":"follow","max-snippet":"max-snippet:-1","max-image-preview":"max-image-preview:large","max-video-preview":"max-video-preview:-1"},"canonical":"https:\/\/antiguanewsroom.com\/antigua-pm-gaston-browne-engages-with-bermudas-delegation-at-africa-caricom-summit\/","og_locale":"en_US","og_type":"article","og_title":"Antigua PM Gaston Browne Engages with Bermuda\u2019s Delegation at Africa\u2013Caricom Summit","og_description":"Explore the significance of Antigua Barbuda at the Africa-Caricom Summit and its connections to Africa and the Caribbean.","og_url":"https:\/\/antiguanewsroom.com\/antigua-pm-gaston-browne-engages-with-bermudas-delegation-at-africa-caricom-summit\/","og_site_name":"Antigua News Room","article_publisher":"https:\/\/www.facebook.com\/antiguanewsroom","article_published_time":"2025-09-09T10:25:54+00:00","article_modified_time":"2025-09-09T14:44:39+00:00","og_image":[{"width":313,"height":161,"url":"https:\/\/mlavawteztbj.i.optimole.com\/w:auto\/h:auto\/q:mauto\/f:best\/https:\/\/antiguanewsroom.com\/wp-content\/uploads\/2025\/09\/download.jpeg","type":"image\/jpeg"}],"author":"Editor","twitter_card":"summary_large_image","twitter_creator":"@AntiguaNewsRoom","twitter_site":"@AntiguaNewsRoom","twitter_misc":{"Written by":"Editor","Est. reading time":"4 minutes"},"schema":{"@context":"https:\/\/schema.org","@graph":[{"@type":"Article","@id":"https:\/\/antiguanewsroom.com\/antigua-pm-gaston-browne-engages-with-bermudas-delegation-at-africa-caricom-summit\/#article","isPartOf":{"@id":"https:\/\/antiguanewsroom.com\/antigua-pm-gaston-browne-engages-with-bermudas-delegation-at-africa-caricom-summit\/"},"author":{"name":"Editor","@id":"https:\/\/antiguanewsroom.com\/#\/schema\/person\/36cac05ef6398fe56ae3e6317f8535c5"},"headline":"Antigua PM Gaston Browne Engages with Bermuda\u2019s Delegation at Africa\u2013Caricom Summit","datePublished":"2025-09-09T10:25:54+00:00","dateModified":"2025-09-09T14:44:39+00:00","mainEntityOfPage":{"@id":"https:\/\/antiguanewsroom.com\/antigua-pm-gaston-browne-engages-with-bermudas-delegation-at-africa-caricom-summit\/"},"wordCount":650,"commentCount":0,"publisher":{"@id":"https:\/\/antiguanewsroom.com\/#organization"},"image":{"@id":"https:\/\/antiguanewsroom.com\/antigua-pm-gaston-browne-engages-with-bermudas-delegation-at-africa-caricom-summit\/#primaryimage"},"thumbnailUrl":"https:\/\/mlavawteztbj.i.optimole.com\/w:313\/h:161\/q:mauto\/f:best\/https:\/\/antiguanewsroom.com\/wp-content\/uploads\/2025\/09\/download.jpeg","articleSection":["Featured"],"inLanguage":"en-US","potentialAction":[{"@type":"CommentAction","name":"Comment","target":["https:\/\/antiguanewsroom.com\/antigua-pm-gaston-browne-engages-with-bermudas-delegation-at-africa-caricom-summit\/#respond"]}]},{"@type":"WebPage","@id":"https:\/\/antiguanewsroom.com\/antigua-pm-gaston-browne-engages-with-bermudas-delegation-at-africa-caricom-summit\/","url":"https:\/\/antiguanewsroom.com\/antigua-pm-gaston-browne-engages-with-bermudas-delegation-at-africa-caricom-summit\/","name":"Antigua Barbuda Strengthens Ties with Africa - Antigua News Room","isPartOf":{"@id":"https:\/\/antiguanewsroom.com\/#website"},"primaryImageOfPage":{"@id":"https:\/\/antiguanewsroom.com\/antigua-pm-gaston-browne-engages-with-bermudas-delegation-at-africa-caricom-summit\/#primaryimage"},"image":{"@id":"https:\/\/antiguanewsroom.com\/antigua-pm-gaston-browne-engages-with-bermudas-delegation-at-africa-caricom-summit\/#primaryimage"},"thumbnailUrl":"https:\/\/mlavawteztbj.i.optimole.com\/w:313\/h:161\/q:mauto\/f:best\/https:\/\/antiguanewsroom.com\/wp-content\/uploads\/2025\/09\/download.jpeg","datePublished":"2025-09-09T10:25:54+00:00","dateModified":"2025-09-09T14:44:39+00:00","description":"Explore the significance of Antigua Barbuda at the Africa-Caricom Summit and its connections to Africa and the Caribbean.","breadcrumb":{"@id":"https:\/\/antiguanewsroom.com\/antigua-pm-gaston-browne-engages-with-bermudas-delegation-at-africa-caricom-summit\/#breadcrumb"},"inLanguage":"en-US","potentialAction":[{"@type":"ReadAction","target":["https:\/\/antiguanewsroom.com\/antigua-pm-gaston-browne-engages-with-bermudas-delegation-at-africa-caricom-summit\/"]}]},{"@type":"ImageObject","inLanguage":"en-US","@id":"https:\/\/antiguanewsroom.com\/antigua-pm-gaston-browne-engages-with-bermudas-delegation-at-africa-caricom-summit\/#primaryimage","url":"https:\/\/mlavawteztbj.i.optimole.com\/w:313\/h:161\/q:mauto\/f:best\/https:\/\/antiguanewsroom.com\/wp-content\/uploads\/2025\/09\/download.jpeg","contentUrl":"https:\/\/mlavawteztbj.i.optimole.com\/w:313\/h:161\/q:mauto\/f:best\/https:\/\/antiguanewsroom.com\/wp-content\/uploads\/2025\/09\/download.jpeg","width":313,"height":161,"caption":"Alexa Lightbourne, the Minister of Home Affairs, with Gaston Browne, the Prime Minister of Antigua & Barbuda (Photograph supplied)"},{"@type":"BreadcrumbList","@id":"https:\/\/antiguanewsroom.com\/antigua-pm-gaston-browne-engages-with-bermudas-delegation-at-africa-caricom-summit\/#breadcrumb","itemListElement":[{"@type":"ListItem","position":1,"name":"Home","item":"https:\/\/antiguanewsroom.com\/"},{"@type":"ListItem","position":2,"name":"Antigua PM Gaston Browne Engages with Bermuda\u2019s Delegation at Africa\u2013Caricom Summit"}]},{"@type":"WebSite","@id":"https:\/\/antiguanewsroom.com\/#website","url":"https:\/\/antiguanewsroom.com\/","name":"Antigua News Room","description":"News As It Happens","publisher":{"@id":"https:\/\/antiguanewsroom.com\/#organization"},"potentialAction":[{"@type":"SearchAction","target":{"@type":"EntryPoint","urlTemplate":"https:\/\/antiguanewsroom.com\/?s={search_term_string}"},"query-input":{"@type":"PropertyValueSpecification","valueRequired":true,"valueName":"search_term_string"}}],"inLanguage":"en-US"},{"@type":"Organization","@id":"https:\/\/antiguanewsroom.com\/#organization","name":"Antigua Newsroom","url":"https:\/\/antiguanewsroom.com\/","logo":{"@type":"ImageObject","inLanguage":"en-US","@id":"https:\/\/antiguanewsroom.com\/#\/schema\/logo\/image\/","url":"https:\/\/mlavawteztbj.i.optimole.com\/w:1080\/h:1080\/q:mauto\/f:best\/https:\/\/antiguanewsroom.com\/wp-content\/uploads\/2025\/08\/IMG_1584.jpeg","contentUrl":"https:\/\/mlavawteztbj.i.optimole.com\/w:1080\/h:1080\/q:mauto\/f:best\/https:\/\/antiguanewsroom.com\/wp-content\/uploads\/2025\/08\/IMG_1584.jpeg","width":1260,"height":1260,"caption":"Antigua Newsroom"},"image":{"@id":"https:\/\/antiguanewsroom.com\/#\/schema\/logo\/image\/"},"sameAs":["https:\/\/www.facebook.com\/antiguanewsroom","https:\/\/x.com\/AntiguaNewsRoom","https:\/\/www.instagram.com\/antiguanewsroom\/"]},{"@type":"Person","@id":"https:\/\/antiguanewsroom.com\/#\/schema\/person\/36cac05ef6398fe56ae3e6317f8535c5","name":"Editor","image":{"@type":"ImageObject","inLanguage":"en-US","@id":"https:\/\/antiguanewsroom.com\/#\/schema\/person\/image\/","url":"https:\/\/secure.gravatar.com\/avatar\/ad516503a11cd5ca435acc9bb6523536?s=96","contentUrl":"https:\/\/secure.gravatar.com\/avatar\/ad516503a11cd5ca435acc9bb6523536?s=96","caption":"Editor"},"url":"https:\/\/antiguanewsroom.com\/author\/editor\/"}]}},"_links":{"self":[{"href":"https:\/\/antiguanewsroom.com\/anr-api\/wp\/v2\/posts\/249240","targetHints":{"allow":["GET"]}}],"collection":[{"href":"https:\/\/antiguanewsroom.com\/anr-api\/wp\/v2\/posts"}],"about":[{"href":"https:\/\/antiguanewsroom.com\/anr-api\/wp\/v2\/types\/post"}],"author":[{"embeddable":true,"href":"https:\/\/antiguanewsroom.com\/anr-api\/wp\/v2\/users\/3"}],"replies":[{"embeddable":true,"href":"https:\/\/antiguanewsroom.com\/anr-api\/wp\/v2\/comments?post=249240"}],"version-history":[{"count":3,"href":"https:\/\/antiguanewsroom.com\/anr-api\/wp\/v2\/posts\/249240\/revisions"}],"predecessor-version":[{"id":249277,"href":"https:\/\/antiguanewsroom.com\/anr-api\/wp\/v2\/posts\/249240\/revisions\/249277"}],"wp:featuredmedia":[{"embeddable":true,"href":"https:\/\/antiguanewsroom.com\/anr-api\/wp\/v2\/media\/249241"}],"wp:attachment":[{"href":"https:\/\/antiguanewsroom.com\/anr-api\/wp\/v2\/media?parent=249240"}],"wp:term":[{"taxonomy":"category","embeddable":true,"href":"https:\/\/antiguanewsroom.com\/anr-api\/wp\/v2\/categories?post=249240"},{"taxonomy":"post_tag","embeddable":true,"href":"https:\/\/antiguanewsroom.com\/anr-api\/wp\/v2\/tags?post=249240"}],"curies":[{"name":"wp","href":"https:\/\/api.w.org\/{rel}","templated":true}]}}