{"id":19173,"date":"2018-08-23T10:00:53","date_gmt":"2018-08-23T14:00:53","guid":{"rendered":"https:\/\/antiguanewsroom.com\/?p=19173"},"modified":"2018-08-23T10:20:21","modified_gmt":"2018-08-23T14:20:21","slug":"haiti-former-health-minister-dies-following-vehicular-accident","status":"publish","type":"post","link":"https:\/\/antiguanewsroom.com\/haiti-former-health-minister-dies-following-vehicular-accident\/","title":{"rendered":"HAITI-Former health minister dies following vehicular accident"},"content":{"rendered":"<div id=\"antig-1411105781\" class=\"antig-ecab antig-entity-placement\"><a href=\"https:\/\/discoverflow.co\/web\/antigua\" aria-label=\"ANU CVP Digital Broadband 1200x400_1\"><img src=\"https:\/\/mlavawteztbj.i.optimole.com\/w:1201\/h:401\/q:mauto\/f:best\/https:\/\/antiguanewsroom.com\/wp-content\/uploads\/2025\/11\/ANU-CVP-Digital-Broadband-1200x400_1-1.jpg\" alt=\"\"  srcset=\"https:\/\/mlavawteztbj.i.optimole.com\/w:1201\/h:401\/q:mauto\/f:best\/https:\/\/antiguanewsroom.com\/wp-content\/uploads\/2025\/11\/ANU-CVP-Digital-Broadband-1200x400_1-1.jpg 1201w, https:\/\/mlavawteztbj.i.optimole.com\/w:300\/h:100\/q:mauto\/f:best\/https:\/\/antiguanewsroom.com\/wp-content\/uploads\/2025\/11\/ANU-CVP-Digital-Broadband-1200x400_1-1.jpg 300w, https:\/\/mlavawteztbj.i.optimole.com\/w:1024\/h:342\/q:mauto\/f:best\/https:\/\/antiguanewsroom.com\/wp-content\/uploads\/2025\/11\/ANU-CVP-Digital-Broadband-1200x400_1-1.jpg 1024w, https:\/\/mlavawteztbj.i.optimole.com\/w:768\/h:256\/q:mauto\/f:best\/https:\/\/antiguanewsroom.com\/wp-content\/uploads\/2025\/11\/ANU-CVP-Digital-Broadband-1200x400_1-1.jpg 768w\" sizes=\"(max-width: 696px) 100vw, 696px\" width=\"1201\" height=\"401\"   \/><\/a><\/div><div id=\"antig-381057541\" class=\"antig-before-content antig-entity-placement\"><a href=\"https:\/\/www.facebook.com\/medicalbenefitsscheme\" aria-label=\"ce741a73-c70c-446b-af7f-da2abe2b62bb\"><img src=\"https:\/\/mlavawteztbj.i.optimole.com\/w:1200\/h:400\/q:mauto\/f:best\/https:\/\/antiguanewsroom.com\/wp-content\/uploads\/2024\/12\/ce741a73-c70c-446b-af7f-da2abe2b62bb.jpeg\" alt=\"\"  srcset=\"https:\/\/mlavawteztbj.i.optimole.com\/w:1200\/h:400\/q:mauto\/f:best\/https:\/\/antiguanewsroom.com\/wp-content\/uploads\/2024\/12\/ce741a73-c70c-446b-af7f-da2abe2b62bb.jpeg 1200w, https:\/\/mlavawteztbj.i.optimole.com\/w:300\/h:100\/q:mauto\/f:best\/https:\/\/antiguanewsroom.com\/wp-content\/uploads\/2024\/12\/ce741a73-c70c-446b-af7f-da2abe2b62bb.jpeg 300w, https:\/\/mlavawteztbj.i.optimole.com\/w:1024\/h:341\/q:mauto\/f:best\/https:\/\/antiguanewsroom.com\/wp-content\/uploads\/2024\/12\/ce741a73-c70c-446b-af7f-da2abe2b62bb.jpeg 1024w, https:\/\/mlavawteztbj.i.optimole.com\/w:768\/h:256\/q:mauto\/f:best\/https:\/\/antiguanewsroom.com\/wp-content\/uploads\/2024\/12\/ce741a73-c70c-446b-af7f-da2abe2b62bb.jpeg 768w\" sizes=\"(max-width: 696px) 100vw, 696px\" width=\"1200\" height=\"400\"   \/><\/a><\/div>\n<p>Outgoing Prime Minister Jack Guy <g class=\"gr_ gr_3 gr-alert gr_gramm gr_inline_cards gr_run_anim Punctuation only-del replaceWithoutSep\" id=\"3\" data-gr-id=\"3\">Lafontant,<\/g> has led the tribute for former health minister Dr. <g class=\"gr_ gr_4 gr-alert sel gr_spell gr_replaced gr_inline_cards gr_disable_anim_appear ContextualSpelling only-del replaceWithoutSep\" id=\"4\" data-gr-id=\"4\"><\/g>Michaelle Am\u00e9d\u00e9e G\u00e9d\u00e9on, who died at the Bernard Mevs Hospital, Wednesday, one day after being involved in a vehicular accident.<\/p><div id=\"antig-2321044620\" class=\"antig-content_5 antig-entity-placement\"><img src=\"https:\/\/mlavawteztbj.i.optimole.com\/w:771\/h:1080\/q:mauto\/f:best\/https:\/\/antiguanewsroom.com\/wp-content\/uploads\/2026\/04\/quueens.jpeg\" alt=\"\"  srcset=\"https:\/\/mlavawteztbj.i.optimole.com\/w:771\/h:1080\/q:mauto\/f:best\/https:\/\/antiguanewsroom.com\/wp-content\/uploads\/2026\/04\/quueens.jpeg 1143w, https:\/\/mlavawteztbj.i.optimole.com\/w:214\/h:300\/q:mauto\/f:best\/https:\/\/antiguanewsroom.com\/wp-content\/uploads\/2026\/04\/quueens.jpeg 214w, https:\/\/mlavawteztbj.i.optimole.com\/w:732\/h:1024\/q:mauto\/f:best\/https:\/\/antiguanewsroom.com\/wp-content\/uploads\/2026\/04\/quueens.jpeg 732w, https:\/\/mlavawteztbj.i.optimole.com\/w:768\/h:1075\/q:mauto\/f:best\/https:\/\/antiguanewsroom.com\/wp-content\/uploads\/2026\/04\/quueens.jpeg 768w, https:\/\/mlavawteztbj.i.optimole.com\/w:771\/h:1080\/q:mauto\/f:best\/https:\/\/antiguanewsroom.com\/wp-content\/uploads\/2026\/04\/quueens.jpeg 1097w\" sizes=\"(max-width: 696px) 100vw, 696px\" width=\"1143\" height=\"1600\"   \/><\/div>\n\n\n\n<p>Lafontant, who has announced his resignation from the Jovenel Moise administration said that Haiti \u201chas lost a great lady and the health sector, a specialist in public health\u201d.<\/p>\n\n\n\n<p>Dr. G\u00e9d\u00e9on, who served in the Rene Preval administration between 1999-2001, was the second woman ever to be elected as head of the National Society of the Haitian Red Cross (NSHRC).<\/p><div id=\"antig-856115264\" class=\"antig-content_4 antig-entity-placement\"><a href=\"https:\/\/discoverflow.co\/web\/antigua\" aria-label=\"ANU CVP Digital Broadband 1200x400_1\"><img src=\"https:\/\/mlavawteztbj.i.optimole.com\/w:1201\/h:401\/q:mauto\/f:best\/https:\/\/antiguanewsroom.com\/wp-content\/uploads\/2025\/11\/ANU-CVP-Digital-Broadband-1200x400_1-1.jpg\" alt=\"\"  srcset=\"https:\/\/mlavawteztbj.i.optimole.com\/w:1201\/h:401\/q:mauto\/f:best\/https:\/\/antiguanewsroom.com\/wp-content\/uploads\/2025\/11\/ANU-CVP-Digital-Broadband-1200x400_1-1.jpg 1201w, https:\/\/mlavawteztbj.i.optimole.com\/w:300\/h:100\/q:mauto\/f:best\/https:\/\/antiguanewsroom.com\/wp-content\/uploads\/2025\/11\/ANU-CVP-Digital-Broadband-1200x400_1-1.jpg 300w, https:\/\/mlavawteztbj.i.optimole.com\/w:1024\/h:342\/q:mauto\/f:best\/https:\/\/antiguanewsroom.com\/wp-content\/uploads\/2025\/11\/ANU-CVP-Digital-Broadband-1200x400_1-1.jpg 1024w, https:\/\/mlavawteztbj.i.optimole.com\/w:768\/h:256\/q:mauto\/f:best\/https:\/\/antiguanewsroom.com\/wp-content\/uploads\/2025\/11\/ANU-CVP-Digital-Broadband-1200x400_1-1.jpg 768w\" sizes=\"(max-width: 696px) 100vw, 696px\" width=\"1201\" height=\"401\"   \/><\/a><\/div><div id=\"antig-3456967589\" class=\"antig-content_12 antig-entity-placement\"><img src=\"https:\/\/mlavawteztbj.i.optimole.com\/w:1320\/h:730\/q:mauto\/f:best\/https:\/\/antiguanewsroom.com\/wp-content\/uploads\/2026\/02\/IMG_5614.jpg\" alt=\"\"  srcset=\"https:\/\/mlavawteztbj.i.optimole.com\/w:1320\/h:730\/q:mauto\/f:best\/https:\/\/antiguanewsroom.com\/wp-content\/uploads\/2026\/02\/IMG_5614.jpg 1320w, https:\/\/mlavawteztbj.i.optimole.com\/w:300\/h:166\/q:mauto\/f:best\/https:\/\/antiguanewsroom.com\/wp-content\/uploads\/2026\/02\/IMG_5614.jpg 300w, https:\/\/mlavawteztbj.i.optimole.com\/w:1024\/h:566\/q:mauto\/f:best\/https:\/\/antiguanewsroom.com\/wp-content\/uploads\/2026\/02\/IMG_5614.jpg 1024w, https:\/\/mlavawteztbj.i.optimole.com\/w:768\/h:425\/q:mauto\/f:best\/https:\/\/antiguanewsroom.com\/wp-content\/uploads\/2026\/02\/IMG_5614.jpg 768w, https:\/\/mlavawteztbj.i.optimole.com\/w:696\/h:385\/q:mauto\/f:best\/https:\/\/antiguanewsroom.com\/wp-content\/uploads\/2026\/02\/IMG_5614.jpg 696w\" sizes=\"(max-width: 696px) 100vw, 696px\" width=\"1320\" height=\"730\"   \/><\/div>\n\n\n\n<p>\u201cToday, with this incalculable loss, the Haitian Red Cross mourns the departure of a former President who has shaped the destiny of the National Society and who will remain, in our memory, a volunteer and humanist, always attached to the values and Fundamental Principles so dear to our humanitarian commitment to the most vulnerable communities,\u201d said NSHRC president, Dr. Guiteau Jean-Pierre.<\/p><div id=\"antig-4079655407\" class=\"antig-content antig-entity-placement\"><a href=\"https:\/\/www.antiguabarbudaculinarymonth.com\/\" aria-label=\"culinary\"><img src=\"https:\/\/mlavawteztbj.i.optimole.com\/w:1920\/h:843\/q:mauto\/f:best\/https:\/\/antiguanewsroom.com\/wp-content\/uploads\/2025\/04\/culinary-scaled.jpg\" alt=\"\"  srcset=\"https:\/\/mlavawteztbj.i.optimole.com\/w:1920\/h:843\/q:mauto\/f:best\/https:\/\/antiguanewsroom.com\/wp-content\/uploads\/2025\/04\/culinary-scaled.jpg 2560w, https:\/\/mlavawteztbj.i.optimole.com\/w:300\/h:132\/q:mauto\/f:best\/https:\/\/antiguanewsroom.com\/wp-content\/uploads\/2025\/04\/culinary-scaled.jpg 300w, https:\/\/mlavawteztbj.i.optimole.com\/w:1024\/h:450\/q:mauto\/f:best\/https:\/\/antiguanewsroom.com\/wp-content\/uploads\/2025\/04\/culinary-scaled.jpg 1024w, https:\/\/mlavawteztbj.i.optimole.com\/w:768\/h:337\/q:mauto\/f:best\/https:\/\/antiguanewsroom.com\/wp-content\/uploads\/2025\/04\/culinary-scaled.jpg 768w, https:\/\/mlavawteztbj.i.optimole.com\/w:1536\/h:675\/q:mauto\/f:best\/https:\/\/antiguanewsroom.com\/wp-content\/uploads\/2025\/04\/culinary-scaled.jpg 1536w, https:\/\/mlavawteztbj.i.optimole.com\/w:1920\/h:842\/q:mauto\/f:best\/https:\/\/antiguanewsroom.com\/wp-content\/uploads\/2025\/04\/culinary-scaled.jpg 2048w\" sizes=\"(max-width: 696px) 100vw, 696px\" width=\"2560\" height=\"1124\"   \/><\/a><\/div>\n\n\n\n<p>Former first lady, Sophia Martelly, described the former health minister as a \u201chumble and courageous woman,\u201d adding that her \u201csudden death is a huge loss for the Haitian medical sector\u201d.<\/p>\n\n\n\n<p>Dr. G\u00e9d\u00e9on was a graduate of the Royal University of Haiti and Harvard University in the United States.<\/p><div id=\"antig-2505047985\" class=\"antig-content_2 antig-entity-placement\"><a href=\"https:\/\/www.courts.com\/antigua\/\" aria-label=\"IMG_0783\"><img src=\"https:\/\/mlavawteztbj.i.optimole.com\/w:500\/h:500\/q:mauto\/f:best\/https:\/\/antiguanewsroom.com\/wp-content\/uploads\/2021\/03\/IMG_0783.png\" alt=\"\"  srcset=\"https:\/\/mlavawteztbj.i.optimole.com\/w:500\/h:500\/q:mauto\/f:best\/https:\/\/antiguanewsroom.com\/wp-content\/uploads\/2021\/03\/IMG_0783.png 500w, https:\/\/mlavawteztbj.i.optimole.com\/w:300\/h:300\/q:mauto\/f:best\/https:\/\/antiguanewsroom.com\/wp-content\/uploads\/2021\/03\/IMG_0783.png 300w, https:\/\/mlavawteztbj.i.optimole.com\/w:150\/h:150\/q:mauto\/f:best\/https:\/\/antiguanewsroom.com\/wp-content\/uploads\/2021\/03\/IMG_0783.png 150w\" sizes=\"(max-width: 500px) 100vw, 500px\" width=\"500\" height=\"500\"   \/><\/a><\/div>\n\n\n\n<p>Police said she was involved in a vehicular on Tuesday along the National Road while <g class=\"gr_ gr_3 gr-alert gr_spell gr_inline_cards gr_run_anim ContextualSpelling ins-del multiReplace\" id=\"3\" data-gr-id=\"3\">e-turning<\/g> from Pestel, a commune in the Corail Arrondissement, in the Grand\u2019Anse department of Haiti.<\/p>\n<div id=\"antig-3179432447\" class=\"antig-in-comments_2 antig-entity-placement\"><a href=\"https:\/\/www.facebook.com\/@hadeedmotorsltd\" aria-label=\"Hadeed_WEB_Banner_MG-2\"><img src=\"https:\/\/mlavawteztbj.i.optimole.com\/w:1000\/h:250\/q:mauto\/f:best\/https:\/\/antiguanewsroom.com\/wp-content\/uploads\/2024\/12\/Hadeed_WEB_Banner_MG-2.png\" alt=\"\"  srcset=\"https:\/\/mlavawteztbj.i.optimole.com\/w:1000\/h:250\/q:mauto\/f:best\/https:\/\/antiguanewsroom.com\/wp-content\/uploads\/2024\/12\/Hadeed_WEB_Banner_MG-2.png 1000w, https:\/\/mlavawteztbj.i.optimole.com\/w:300\/h:75\/q:mauto\/f:best\/https:\/\/antiguanewsroom.com\/wp-content\/uploads\/2024\/12\/Hadeed_WEB_Banner_MG-2.png 300w, https:\/\/mlavawteztbj.i.optimole.com\/w:768\/h:192\/q:mauto\/f:best\/https:\/\/antiguanewsroom.com\/wp-content\/uploads\/2024\/12\/Hadeed_WEB_Banner_MG-2.png 768w\" sizes=\"(max-width: 696px) 100vw, 696px\" width=\"1000\" height=\"250\"   \/><\/a><\/div>","protected":false},"excerpt":{"rendered":"<p>Outgoing Prime Minister Jack Guy Lafontant, has led the tribute for former health minister Dr. Michaelle Am\u00e9d\u00e9e G\u00e9d\u00e9on, who died at the Bernard Mevs Hospital, Wednesday, one day after being involved in a vehicular accident. Lafontant, who has announced his resignation from the Jovenel Moise administration said that Haiti \u201chas lost a great lady and [&hellip;]<\/p>\n","protected":false},"author":3,"featured_media":19175,"comment_status":"open","ping_status":"closed","sticky":false,"template":"","format":"standard","meta":{"footnotes":""},"categories":[7],"tags":[],"class_list":["post-19173","post","type-post","status-publish","format-standard","has-post-thumbnail","hentry","category-regional"],"yoast_head":"<!-- This site is optimized with the Yoast SEO Premium plugin v24.1 (Yoast SEO v24.1) - https:\/\/yoast.com\/wordpress\/plugins\/seo\/ -->\n<title>HAITI-Former health minister dies following vehicular accident - Antigua News Room<\/title>\n<meta name=\"robots\" content=\"index, follow, max-snippet:-1, max-image-preview:large, max-video-preview:-1\" \/>\n<link rel=\"canonical\" href=\"https:\/\/antiguanewsroom.com\/haiti-former-health-minister-dies-following-vehicular-accident\/\" \/>\n<meta property=\"og:locale\" content=\"en_US\" \/>\n<meta property=\"og:type\" content=\"article\" \/>\n<meta property=\"og:title\" content=\"HAITI-Former health minister dies following vehicular accident\" \/>\n<meta property=\"og:description\" content=\"Outgoing Prime Minister Jack Guy Lafontant, has led the tribute for former health minister Dr. Michaelle Am\u00e9d\u00e9e G\u00e9d\u00e9on, who died at the Bernard Mevs Hospital, Wednesday, one day after being involved in a vehicular accident. Lafontant, who has announced his resignation from the Jovenel Moise administration said that Haiti \u201chas lost a great lady and [&hellip;]\" \/>\n<meta property=\"og:url\" content=\"https:\/\/antiguanewsroom.com\/haiti-former-health-minister-dies-following-vehicular-accident\/\" \/>\n<meta property=\"og:site_name\" content=\"Antigua News Room\" \/>\n<meta property=\"article:publisher\" content=\"https:\/\/www.facebook.com\/antiguanewsroom\" \/>\n<meta property=\"article:published_time\" content=\"2018-08-23T14:00:53+00:00\" \/>\n<meta property=\"article:modified_time\" content=\"2018-08-23T14:20:21+00:00\" \/>\n<meta property=\"og:image\" content=\"https:\/\/mlavawteztbj.i.optimole.com\/w:auto\/h:auto\/q:mauto\/f:best\/https:\/\/antiguanewsroom.com\/wp-content\/uploads\/2018\/08\/Dr.Michaelle-Amédée-Gédéon.jpg\" \/>\n\t<meta property=\"og:image:width\" content=\"400\" \/>\n\t<meta property=\"og:image:height\" content=\"300\" \/>\n\t<meta property=\"og:image:type\" content=\"image\/jpeg\" \/>\n<meta name=\"author\" content=\"Editor\" \/>\n<meta name=\"twitter:card\" content=\"summary_large_image\" \/>\n<meta name=\"twitter:creator\" content=\"@AntiguaNewsRoom\" \/>\n<meta name=\"twitter:site\" content=\"@AntiguaNewsRoom\" \/>\n<meta name=\"twitter:label1\" content=\"Written by\" \/>\n\t<meta name=\"twitter:data1\" content=\"Editor\" \/>\n\t<meta name=\"twitter:label2\" content=\"Est. reading time\" \/>\n\t<meta name=\"twitter:data2\" content=\"1 minute\" \/>\n<script type=\"application\/ld+json\" class=\"yoast-schema-graph\">{\"@context\":\"https:\/\/schema.org\",\"@graph\":[{\"@type\":\"Article\",\"@id\":\"https:\/\/antiguanewsroom.com\/haiti-former-health-minister-dies-following-vehicular-accident\/#article\",\"isPartOf\":{\"@id\":\"https:\/\/antiguanewsroom.com\/haiti-former-health-minister-dies-following-vehicular-accident\/\"},\"author\":{\"name\":\"Editor\",\"@id\":\"https:\/\/antiguanewsroom.com\/#\/schema\/person\/36cac05ef6398fe56ae3e6317f8535c5\"},\"headline\":\"HAITI-Former health minister dies following vehicular accident\",\"datePublished\":\"2018-08-23T14:00:53+00:00\",\"dateModified\":\"2018-08-23T14:20:21+00:00\",\"mainEntityOfPage\":{\"@id\":\"https:\/\/antiguanewsroom.com\/haiti-former-health-minister-dies-following-vehicular-accident\/\"},\"wordCount\":249,\"commentCount\":0,\"publisher\":{\"@id\":\"https:\/\/antiguanewsroom.com\/#organization\"},\"image\":{\"@id\":\"https:\/\/antiguanewsroom.com\/haiti-former-health-minister-dies-following-vehicular-accident\/#primaryimage\"},\"thumbnailUrl\":\"https:\/\/mlavawteztbj.i.optimole.com\/w:400\/h:300\/q:mauto\/f:best\/https:\/\/antiguanewsroom.com\/wp-content\/uploads\/2018\/08\/Dr.Michaelle-Am\u00e9d\u00e9e-G\u00e9d\u00e9on.jpg\",\"articleSection\":[\"Regional\"],\"inLanguage\":\"en-US\",\"potentialAction\":[{\"@type\":\"CommentAction\",\"name\":\"Comment\",\"target\":[\"https:\/\/antiguanewsroom.com\/haiti-former-health-minister-dies-following-vehicular-accident\/#respond\"]}]},{\"@type\":\"WebPage\",\"@id\":\"https:\/\/antiguanewsroom.com\/haiti-former-health-minister-dies-following-vehicular-accident\/\",\"url\":\"https:\/\/antiguanewsroom.com\/haiti-former-health-minister-dies-following-vehicular-accident\/\",\"name\":\"HAITI-Former health minister dies following vehicular accident - Antigua News Room\",\"isPartOf\":{\"@id\":\"https:\/\/antiguanewsroom.com\/#website\"},\"primaryImageOfPage\":{\"@id\":\"https:\/\/antiguanewsroom.com\/haiti-former-health-minister-dies-following-vehicular-accident\/#primaryimage\"},\"image\":{\"@id\":\"https:\/\/antiguanewsroom.com\/haiti-former-health-minister-dies-following-vehicular-accident\/#primaryimage\"},\"thumbnailUrl\":\"https:\/\/mlavawteztbj.i.optimole.com\/w:400\/h:300\/q:mauto\/f:best\/https:\/\/antiguanewsroom.com\/wp-content\/uploads\/2018\/08\/Dr.Michaelle-Am\u00e9d\u00e9e-G\u00e9d\u00e9on.jpg\",\"datePublished\":\"2018-08-23T14:00:53+00:00\",\"dateModified\":\"2018-08-23T14:20:21+00:00\",\"breadcrumb\":{\"@id\":\"https:\/\/antiguanewsroom.com\/haiti-former-health-minister-dies-following-vehicular-accident\/#breadcrumb\"},\"inLanguage\":\"en-US\",\"potentialAction\":[{\"@type\":\"ReadAction\",\"target\":[\"https:\/\/antiguanewsroom.com\/haiti-former-health-minister-dies-following-vehicular-accident\/\"]}]},{\"@type\":\"ImageObject\",\"inLanguage\":\"en-US\",\"@id\":\"https:\/\/antiguanewsroom.com\/haiti-former-health-minister-dies-following-vehicular-accident\/#primaryimage\",\"url\":\"https:\/\/mlavawteztbj.i.optimole.com\/w:400\/h:300\/q:mauto\/f:best\/https:\/\/antiguanewsroom.com\/wp-content\/uploads\/2018\/08\/Dr.Michaelle-Am\u00e9d\u00e9e-G\u00e9d\u00e9on.jpg\",\"contentUrl\":\"https:\/\/mlavawteztbj.i.optimole.com\/w:400\/h:300\/q:mauto\/f:best\/https:\/\/antiguanewsroom.com\/wp-content\/uploads\/2018\/08\/Dr.Michaelle-Am\u00e9d\u00e9e-G\u00e9d\u00e9on.jpg\",\"width\":400,\"height\":300},{\"@type\":\"BreadcrumbList\",\"@id\":\"https:\/\/antiguanewsroom.com\/haiti-former-health-minister-dies-following-vehicular-accident\/#breadcrumb\",\"itemListElement\":[{\"@type\":\"ListItem\",\"position\":1,\"name\":\"Home\",\"item\":\"https:\/\/antiguanewsroom.com\/\"},{\"@type\":\"ListItem\",\"position\":2,\"name\":\"HAITI-Former health minister dies following vehicular accident\"}]},{\"@type\":\"WebSite\",\"@id\":\"https:\/\/antiguanewsroom.com\/#website\",\"url\":\"https:\/\/antiguanewsroom.com\/\",\"name\":\"Antigua News Room\",\"description\":\"News As It Happens\",\"publisher\":{\"@id\":\"https:\/\/antiguanewsroom.com\/#organization\"},\"potentialAction\":[{\"@type\":\"SearchAction\",\"target\":{\"@type\":\"EntryPoint\",\"urlTemplate\":\"https:\/\/antiguanewsroom.com\/?s={search_term_string}\"},\"query-input\":{\"@type\":\"PropertyValueSpecification\",\"valueRequired\":true,\"valueName\":\"search_term_string\"}}],\"inLanguage\":\"en-US\"},{\"@type\":\"Organization\",\"@id\":\"https:\/\/antiguanewsroom.com\/#organization\",\"name\":\"Antigua Newsroom\",\"url\":\"https:\/\/antiguanewsroom.com\/\",\"logo\":{\"@type\":\"ImageObject\",\"inLanguage\":\"en-US\",\"@id\":\"https:\/\/antiguanewsroom.com\/#\/schema\/logo\/image\/\",\"url\":\"https:\/\/mlavawteztbj.i.optimole.com\/w:1080\/h:1080\/q:mauto\/f:best\/https:\/\/antiguanewsroom.com\/wp-content\/uploads\/2025\/08\/IMG_1584.jpeg\",\"contentUrl\":\"https:\/\/mlavawteztbj.i.optimole.com\/w:1080\/h:1080\/q:mauto\/f:best\/https:\/\/antiguanewsroom.com\/wp-content\/uploads\/2025\/08\/IMG_1584.jpeg\",\"width\":1260,\"height\":1260,\"caption\":\"Antigua Newsroom\"},\"image\":{\"@id\":\"https:\/\/antiguanewsroom.com\/#\/schema\/logo\/image\/\"},\"sameAs\":[\"https:\/\/www.facebook.com\/antiguanewsroom\",\"https:\/\/x.com\/AntiguaNewsRoom\",\"https:\/\/www.instagram.com\/antiguanewsroom\/\"]},{\"@type\":\"Person\",\"@id\":\"https:\/\/antiguanewsroom.com\/#\/schema\/person\/36cac05ef6398fe56ae3e6317f8535c5\",\"name\":\"Editor\",\"image\":{\"@type\":\"ImageObject\",\"inLanguage\":\"en-US\",\"@id\":\"https:\/\/antiguanewsroom.com\/#\/schema\/person\/image\/\",\"url\":\"https:\/\/secure.gravatar.com\/avatar\/ad516503a11cd5ca435acc9bb6523536?s=96\",\"contentUrl\":\"https:\/\/secure.gravatar.com\/avatar\/ad516503a11cd5ca435acc9bb6523536?s=96\",\"caption\":\"Editor\"},\"url\":\"https:\/\/antiguanewsroom.com\/author\/editor\/\"}]}<\/script>\n<!-- \/ Yoast SEO Premium plugin. -->","yoast_head_json":{"title":"HAITI-Former health minister dies following vehicular accident - Antigua News Room","robots":{"index":"index","follow":"follow","max-snippet":"max-snippet:-1","max-image-preview":"max-image-preview:large","max-video-preview":"max-video-preview:-1"},"canonical":"https:\/\/antiguanewsroom.com\/haiti-former-health-minister-dies-following-vehicular-accident\/","og_locale":"en_US","og_type":"article","og_title":"HAITI-Former health minister dies following vehicular accident","og_description":"Outgoing Prime Minister Jack Guy Lafontant, has led the tribute for former health minister Dr. Michaelle Am\u00e9d\u00e9e G\u00e9d\u00e9on, who died at the Bernard Mevs Hospital, Wednesday, one day after being involved in a vehicular accident. Lafontant, who has announced his resignation from the Jovenel Moise administration said that Haiti \u201chas lost a great lady and [&hellip;]","og_url":"https:\/\/antiguanewsroom.com\/haiti-former-health-minister-dies-following-vehicular-accident\/","og_site_name":"Antigua News Room","article_publisher":"https:\/\/www.facebook.com\/antiguanewsroom","article_published_time":"2018-08-23T14:00:53+00:00","article_modified_time":"2018-08-23T14:20:21+00:00","og_image":[{"width":400,"height":300,"url":"https:\/\/mlavawteztbj.i.optimole.com\/w:auto\/h:auto\/q:mauto\/f:best\/https:\/\/antiguanewsroom.com\/wp-content\/uploads\/2018\/08\/Dr.Michaelle-Amédée-Gédéon.jpg","type":"image\/jpeg"}],"author":"Editor","twitter_card":"summary_large_image","twitter_creator":"@AntiguaNewsRoom","twitter_site":"@AntiguaNewsRoom","twitter_misc":{"Written by":"Editor","Est. reading time":"1 minute"},"schema":{"@context":"https:\/\/schema.org","@graph":[{"@type":"Article","@id":"https:\/\/antiguanewsroom.com\/haiti-former-health-minister-dies-following-vehicular-accident\/#article","isPartOf":{"@id":"https:\/\/antiguanewsroom.com\/haiti-former-health-minister-dies-following-vehicular-accident\/"},"author":{"name":"Editor","@id":"https:\/\/antiguanewsroom.com\/#\/schema\/person\/36cac05ef6398fe56ae3e6317f8535c5"},"headline":"HAITI-Former health minister dies following vehicular accident","datePublished":"2018-08-23T14:00:53+00:00","dateModified":"2018-08-23T14:20:21+00:00","mainEntityOfPage":{"@id":"https:\/\/antiguanewsroom.com\/haiti-former-health-minister-dies-following-vehicular-accident\/"},"wordCount":249,"commentCount":0,"publisher":{"@id":"https:\/\/antiguanewsroom.com\/#organization"},"image":{"@id":"https:\/\/antiguanewsroom.com\/haiti-former-health-minister-dies-following-vehicular-accident\/#primaryimage"},"thumbnailUrl":"https:\/\/mlavawteztbj.i.optimole.com\/w:400\/h:300\/q:mauto\/f:best\/https:\/\/antiguanewsroom.com\/wp-content\/uploads\/2018\/08\/Dr.Michaelle-Am\u00e9d\u00e9e-G\u00e9d\u00e9on.jpg","articleSection":["Regional"],"inLanguage":"en-US","potentialAction":[{"@type":"CommentAction","name":"Comment","target":["https:\/\/antiguanewsroom.com\/haiti-former-health-minister-dies-following-vehicular-accident\/#respond"]}]},{"@type":"WebPage","@id":"https:\/\/antiguanewsroom.com\/haiti-former-health-minister-dies-following-vehicular-accident\/","url":"https:\/\/antiguanewsroom.com\/haiti-former-health-minister-dies-following-vehicular-accident\/","name":"HAITI-Former health minister dies following vehicular accident - Antigua News Room","isPartOf":{"@id":"https:\/\/antiguanewsroom.com\/#website"},"primaryImageOfPage":{"@id":"https:\/\/antiguanewsroom.com\/haiti-former-health-minister-dies-following-vehicular-accident\/#primaryimage"},"image":{"@id":"https:\/\/antiguanewsroom.com\/haiti-former-health-minister-dies-following-vehicular-accident\/#primaryimage"},"thumbnailUrl":"https:\/\/mlavawteztbj.i.optimole.com\/w:400\/h:300\/q:mauto\/f:best\/https:\/\/antiguanewsroom.com\/wp-content\/uploads\/2018\/08\/Dr.Michaelle-Am\u00e9d\u00e9e-G\u00e9d\u00e9on.jpg","datePublished":"2018-08-23T14:00:53+00:00","dateModified":"2018-08-23T14:20:21+00:00","breadcrumb":{"@id":"https:\/\/antiguanewsroom.com\/haiti-former-health-minister-dies-following-vehicular-accident\/#breadcrumb"},"inLanguage":"en-US","potentialAction":[{"@type":"ReadAction","target":["https:\/\/antiguanewsroom.com\/haiti-former-health-minister-dies-following-vehicular-accident\/"]}]},{"@type":"ImageObject","inLanguage":"en-US","@id":"https:\/\/antiguanewsroom.com\/haiti-former-health-minister-dies-following-vehicular-accident\/#primaryimage","url":"https:\/\/mlavawteztbj.i.optimole.com\/w:400\/h:300\/q:mauto\/f:best\/https:\/\/antiguanewsroom.com\/wp-content\/uploads\/2018\/08\/Dr.Michaelle-Am\u00e9d\u00e9e-G\u00e9d\u00e9on.jpg","contentUrl":"https:\/\/mlavawteztbj.i.optimole.com\/w:400\/h:300\/q:mauto\/f:best\/https:\/\/antiguanewsroom.com\/wp-content\/uploads\/2018\/08\/Dr.Michaelle-Am\u00e9d\u00e9e-G\u00e9d\u00e9on.jpg","width":400,"height":300},{"@type":"BreadcrumbList","@id":"https:\/\/antiguanewsroom.com\/haiti-former-health-minister-dies-following-vehicular-accident\/#breadcrumb","itemListElement":[{"@type":"ListItem","position":1,"name":"Home","item":"https:\/\/antiguanewsroom.com\/"},{"@type":"ListItem","position":2,"name":"HAITI-Former health minister dies following vehicular accident"}]},{"@type":"WebSite","@id":"https:\/\/antiguanewsroom.com\/#website","url":"https:\/\/antiguanewsroom.com\/","name":"Antigua News Room","description":"News As It Happens","publisher":{"@id":"https:\/\/antiguanewsroom.com\/#organization"},"potentialAction":[{"@type":"SearchAction","target":{"@type":"EntryPoint","urlTemplate":"https:\/\/antiguanewsroom.com\/?s={search_term_string}"},"query-input":{"@type":"PropertyValueSpecification","valueRequired":true,"valueName":"search_term_string"}}],"inLanguage":"en-US"},{"@type":"Organization","@id":"https:\/\/antiguanewsroom.com\/#organization","name":"Antigua Newsroom","url":"https:\/\/antiguanewsroom.com\/","logo":{"@type":"ImageObject","inLanguage":"en-US","@id":"https:\/\/antiguanewsroom.com\/#\/schema\/logo\/image\/","url":"https:\/\/mlavawteztbj.i.optimole.com\/w:1080\/h:1080\/q:mauto\/f:best\/https:\/\/antiguanewsroom.com\/wp-content\/uploads\/2025\/08\/IMG_1584.jpeg","contentUrl":"https:\/\/mlavawteztbj.i.optimole.com\/w:1080\/h:1080\/q:mauto\/f:best\/https:\/\/antiguanewsroom.com\/wp-content\/uploads\/2025\/08\/IMG_1584.jpeg","width":1260,"height":1260,"caption":"Antigua Newsroom"},"image":{"@id":"https:\/\/antiguanewsroom.com\/#\/schema\/logo\/image\/"},"sameAs":["https:\/\/www.facebook.com\/antiguanewsroom","https:\/\/x.com\/AntiguaNewsRoom","https:\/\/www.instagram.com\/antiguanewsroom\/"]},{"@type":"Person","@id":"https:\/\/antiguanewsroom.com\/#\/schema\/person\/36cac05ef6398fe56ae3e6317f8535c5","name":"Editor","image":{"@type":"ImageObject","inLanguage":"en-US","@id":"https:\/\/antiguanewsroom.com\/#\/schema\/person\/image\/","url":"https:\/\/secure.gravatar.com\/avatar\/ad516503a11cd5ca435acc9bb6523536?s=96","contentUrl":"https:\/\/secure.gravatar.com\/avatar\/ad516503a11cd5ca435acc9bb6523536?s=96","caption":"Editor"},"url":"https:\/\/antiguanewsroom.com\/author\/editor\/"}]}},"_links":{"self":[{"href":"https:\/\/antiguanewsroom.com\/anr-api\/wp\/v2\/posts\/19173","targetHints":{"allow":["GET"]}}],"collection":[{"href":"https:\/\/antiguanewsroom.com\/anr-api\/wp\/v2\/posts"}],"about":[{"href":"https:\/\/antiguanewsroom.com\/anr-api\/wp\/v2\/types\/post"}],"author":[{"embeddable":true,"href":"https:\/\/antiguanewsroom.com\/anr-api\/wp\/v2\/users\/3"}],"replies":[{"embeddable":true,"href":"https:\/\/antiguanewsroom.com\/anr-api\/wp\/v2\/comments?post=19173"}],"version-history":[{"count":0,"href":"https:\/\/antiguanewsroom.com\/anr-api\/wp\/v2\/posts\/19173\/revisions"}],"wp:featuredmedia":[{"embeddable":true,"href":"https:\/\/antiguanewsroom.com\/anr-api\/wp\/v2\/media\/19175"}],"wp:attachment":[{"href":"https:\/\/antiguanewsroom.com\/anr-api\/wp\/v2\/media?parent=19173"}],"wp:term":[{"taxonomy":"category","embeddable":true,"href":"https:\/\/antiguanewsroom.com\/anr-api\/wp\/v2\/categories?post=19173"},{"taxonomy":"post_tag","embeddable":true,"href":"https:\/\/antiguanewsroom.com\/anr-api\/wp\/v2\/tags?post=19173"}],"curies":[{"name":"wp","href":"https:\/\/api.w.org\/{rel}","templated":true}]}}