{"id":14905,"date":"2018-04-24T10:54:03","date_gmt":"2018-04-24T14:54:03","guid":{"rendered":"https:\/\/antiguanewsroom.com\/?p=14905"},"modified":"2018-04-24T10:54:03","modified_gmt":"2018-04-24T14:54:03","slug":"haiti-journalist-included-in-new-cabinet","status":"publish","type":"post","link":"https:\/\/antiguanewsroom.com\/haiti-journalist-included-in-new-cabinet\/","title":{"rendered":"HAITI-Journalist included in new Cabinet"},"content":{"rendered":"<div id=\"antig-1125712878\" class=\"antig-ecab antig-entity-placement\"><a href=\"https:\/\/discoverflow.co\/web\/antigua\" aria-label=\"ANU CVP Digital Broadband 1200x400_1\"><img src=\"https:\/\/mlavawteztbj.i.optimole.com\/w:1201\/h:401\/q:mauto\/f:best\/https:\/\/antiguanewsroom.com\/wp-content\/uploads\/2025\/11\/ANU-CVP-Digital-Broadband-1200x400_1-1.jpg\" alt=\"\"  srcset=\"https:\/\/mlavawteztbj.i.optimole.com\/w:1201\/h:401\/q:mauto\/f:best\/https:\/\/antiguanewsroom.com\/wp-content\/uploads\/2025\/11\/ANU-CVP-Digital-Broadband-1200x400_1-1.jpg 1201w, https:\/\/mlavawteztbj.i.optimole.com\/w:300\/h:100\/q:mauto\/f:best\/https:\/\/antiguanewsroom.com\/wp-content\/uploads\/2025\/11\/ANU-CVP-Digital-Broadband-1200x400_1-1.jpg 300w, https:\/\/mlavawteztbj.i.optimole.com\/w:1024\/h:342\/q:mauto\/f:best\/https:\/\/antiguanewsroom.com\/wp-content\/uploads\/2025\/11\/ANU-CVP-Digital-Broadband-1200x400_1-1.jpg 1024w, https:\/\/mlavawteztbj.i.optimole.com\/w:768\/h:256\/q:mauto\/f:best\/https:\/\/antiguanewsroom.com\/wp-content\/uploads\/2025\/11\/ANU-CVP-Digital-Broadband-1200x400_1-1.jpg 768w\" sizes=\"(max-width: 696px) 100vw, 696px\" width=\"1201\" height=\"401\"   \/><\/a><\/div><div id=\"antig-4189979155\" class=\"antig-before-content antig-entity-placement\"><a href=\"https:\/\/www.facebook.com\/medicalbenefitsscheme\" aria-label=\"ce741a73-c70c-446b-af7f-da2abe2b62bb\"><img src=\"https:\/\/mlavawteztbj.i.optimole.com\/w:1200\/h:400\/q:mauto\/f:best\/https:\/\/antiguanewsroom.com\/wp-content\/uploads\/2024\/12\/ce741a73-c70c-446b-af7f-da2abe2b62bb.jpeg\" alt=\"\"  srcset=\"https:\/\/mlavawteztbj.i.optimole.com\/w:1200\/h:400\/q:mauto\/f:best\/https:\/\/antiguanewsroom.com\/wp-content\/uploads\/2024\/12\/ce741a73-c70c-446b-af7f-da2abe2b62bb.jpeg 1200w, https:\/\/mlavawteztbj.i.optimole.com\/w:300\/h:100\/q:mauto\/f:best\/https:\/\/antiguanewsroom.com\/wp-content\/uploads\/2024\/12\/ce741a73-c70c-446b-af7f-da2abe2b62bb.jpeg 300w, https:\/\/mlavawteztbj.i.optimole.com\/w:1024\/h:341\/q:mauto\/f:best\/https:\/\/antiguanewsroom.com\/wp-content\/uploads\/2024\/12\/ce741a73-c70c-446b-af7f-da2abe2b62bb.jpeg 1024w, https:\/\/mlavawteztbj.i.optimole.com\/w:768\/h:256\/q:mauto\/f:best\/https:\/\/antiguanewsroom.com\/wp-content\/uploads\/2024\/12\/ce741a73-c70c-446b-af7f-da2abe2b62bb.jpeg 768w\" sizes=\"(max-width: 696px) 100vw, 696px\" width=\"1200\" height=\"400\"   \/><\/a><\/div><p>Prominent Haitian journalist Guyler C. Delva has been appointed as the new Minister of Culture and Communication in a Cabinet re-shuffle announced by Prime Minister Jack Guy Lafontant on Monday night.<\/p><div id=\"antig-3577754958\" class=\"antig-content_5 antig-entity-placement\"><a href=\"https:\/\/www.facebook.com\/ablpag\" aria-label=\"ABLP_Red-&#038;-Reddy_Web_1000x250\"><img src=\"https:\/\/mlavawteztbj.i.optimole.com\/w:1000\/h:250\/q:mauto\/f:best\/https:\/\/antiguanewsroom.com\/wp-content\/uploads\/2026\/04\/ABLP_Red-Reddy_Web_1000x250.png\" alt=\"\"  srcset=\"https:\/\/mlavawteztbj.i.optimole.com\/w:1000\/h:250\/q:mauto\/f:best\/https:\/\/antiguanewsroom.com\/wp-content\/uploads\/2026\/04\/ABLP_Red-Reddy_Web_1000x250.png 1000w, https:\/\/mlavawteztbj.i.optimole.com\/w:300\/h:75\/q:mauto\/f:best\/https:\/\/antiguanewsroom.com\/wp-content\/uploads\/2026\/04\/ABLP_Red-Reddy_Web_1000x250.png 300w, https:\/\/mlavawteztbj.i.optimole.com\/w:768\/h:192\/q:mauto\/f:best\/https:\/\/antiguanewsroom.com\/wp-content\/uploads\/2026\/04\/ABLP_Red-Reddy_Web_1000x250.png 768w\" sizes=\"(max-width: 696px) 100vw, 696px\" width=\"1000\" height=\"250\"   \/><\/a><\/div>\n<p>Delva, who writes for a number of regional and international media outlets, is one of five new ministers named by Prime Minister Lafontant, who came to office in March 2017.<\/p>\n<p>The cabinet re-shuffle comes amid reports that the majority members of President Jovenel Moise\u2019s party in the Parliament had given the head of state an ultimatum to reshuffle, including dismissing Lafontant.Apart from Delva, who replaces Limond Toussaint, the other new ministers named are Jean-Marie Reynaldo Brunet, the Minister of the Interior and Territorial Communities, Jean Roody Aly Minister of Justice and Public Security, who replaces Heidi Fortune, Joubert C. Angrand, the Minister of Agriculture of Natural Resources and Development, who replaces Carmel Andr\u00e9 Belliard and Guy Andr\u00e9 Junior Fran\u00e7oi, who is now the Minister of Haitians Living Abroad replacing St\u00e9phanie Auguste.<\/p><div id=\"antig-1784549170\" class=\"antig-content_4 antig-entity-placement\"><a href=\"https:\/\/discoverflow.co\/web\/antigua\" aria-label=\"ANU CVP Digital Broadband 1200x400_1\"><img src=\"https:\/\/mlavawteztbj.i.optimole.com\/w:1201\/h:401\/q:mauto\/f:best\/https:\/\/antiguanewsroom.com\/wp-content\/uploads\/2025\/11\/ANU-CVP-Digital-Broadband-1200x400_1-1.jpg\" alt=\"\"  srcset=\"https:\/\/mlavawteztbj.i.optimole.com\/w:1201\/h:401\/q:mauto\/f:best\/https:\/\/antiguanewsroom.com\/wp-content\/uploads\/2025\/11\/ANU-CVP-Digital-Broadband-1200x400_1-1.jpg 1201w, https:\/\/mlavawteztbj.i.optimole.com\/w:300\/h:100\/q:mauto\/f:best\/https:\/\/antiguanewsroom.com\/wp-content\/uploads\/2025\/11\/ANU-CVP-Digital-Broadband-1200x400_1-1.jpg 300w, https:\/\/mlavawteztbj.i.optimole.com\/w:1024\/h:342\/q:mauto\/f:best\/https:\/\/antiguanewsroom.com\/wp-content\/uploads\/2025\/11\/ANU-CVP-Digital-Broadband-1200x400_1-1.jpg 1024w, https:\/\/mlavawteztbj.i.optimole.com\/w:768\/h:256\/q:mauto\/f:best\/https:\/\/antiguanewsroom.com\/wp-content\/uploads\/2025\/11\/ANU-CVP-Digital-Broadband-1200x400_1-1.jpg 768w\" sizes=\"(max-width: 696px) 100vw, 696px\" width=\"1201\" height=\"401\"   \/><\/a><\/div><div id=\"antig-1913770605\" class=\"antig-content_12 antig-entity-placement\"><a href=\"https:\/\/www.facebook.com\/ablpag\" aria-label=\"ABLP_Red-&#038;-Reddy_Web_1000x250\"><img src=\"https:\/\/mlavawteztbj.i.optimole.com\/w:1000\/h:250\/q:mauto\/f:best\/https:\/\/antiguanewsroom.com\/wp-content\/uploads\/2026\/04\/ABLP_Red-Reddy_Web_1000x250.png\" alt=\"\"  srcset=\"https:\/\/mlavawteztbj.i.optimole.com\/w:1000\/h:250\/q:mauto\/f:best\/https:\/\/antiguanewsroom.com\/wp-content\/uploads\/2026\/04\/ABLP_Red-Reddy_Web_1000x250.png 1000w, https:\/\/mlavawteztbj.i.optimole.com\/w:300\/h:75\/q:mauto\/f:best\/https:\/\/antiguanewsroom.com\/wp-content\/uploads\/2026\/04\/ABLP_Red-Reddy_Web_1000x250.png 300w, https:\/\/mlavawteztbj.i.optimole.com\/w:768\/h:192\/q:mauto\/f:best\/https:\/\/antiguanewsroom.com\/wp-content\/uploads\/2026\/04\/ABLP_Red-Reddy_Web_1000x250.png 768w\" sizes=\"(max-width: 696px) 100vw, 696px\" width=\"1000\" height=\"250\"   \/><\/a><\/div>\n<p>Political observers said that it is the first time since Moise came to office onFebruary 7, 2016, that the majority of his own party had given him a 72-hour ultimatum to change several ministers.<\/p><div id=\"antig-1404966642\" class=\"antig-content antig-entity-placement\"><a href=\"https:\/\/www.antiguabarbudaculinarymonth.com\/\" aria-label=\"culinary\"><img src=\"https:\/\/mlavawteztbj.i.optimole.com\/w:1920\/h:843\/q:mauto\/f:best\/https:\/\/antiguanewsroom.com\/wp-content\/uploads\/2025\/04\/culinary-scaled.jpg\" alt=\"\"  srcset=\"https:\/\/mlavawteztbj.i.optimole.com\/w:1920\/h:843\/q:mauto\/f:best\/https:\/\/antiguanewsroom.com\/wp-content\/uploads\/2025\/04\/culinary-scaled.jpg 2560w, https:\/\/mlavawteztbj.i.optimole.com\/w:300\/h:132\/q:mauto\/f:best\/https:\/\/antiguanewsroom.com\/wp-content\/uploads\/2025\/04\/culinary-scaled.jpg 300w, https:\/\/mlavawteztbj.i.optimole.com\/w:1024\/h:450\/q:mauto\/f:best\/https:\/\/antiguanewsroom.com\/wp-content\/uploads\/2025\/04\/culinary-scaled.jpg 1024w, https:\/\/mlavawteztbj.i.optimole.com\/w:768\/h:337\/q:mauto\/f:best\/https:\/\/antiguanewsroom.com\/wp-content\/uploads\/2025\/04\/culinary-scaled.jpg 768w, https:\/\/mlavawteztbj.i.optimole.com\/w:1536\/h:675\/q:mauto\/f:best\/https:\/\/antiguanewsroom.com\/wp-content\/uploads\/2025\/04\/culinary-scaled.jpg 1536w, https:\/\/mlavawteztbj.i.optimole.com\/w:1920\/h:842\/q:mauto\/f:best\/https:\/\/antiguanewsroom.com\/wp-content\/uploads\/2025\/04\/culinary-scaled.jpg 2048w\" sizes=\"(max-width: 696px) 100vw, 696px\" width=\"2560\" height=\"1124\"   \/><\/a><\/div>\n<p>The disgruntled legislators said they had held talks with Moise about the re-shuffle and had expressed disappointment at the slow pace of implementing the measures agreed upon.<\/p>\n<p>The Speaker of the House of Commons, Gary Bodeau, is reported to be supporting the legislators and is regarded as an influential member within the part.<\/p><div id=\"antig-3879641841\" class=\"antig-content_2 antig-entity-placement\"><a href=\"https:\/\/www.courts.com\/antigua\/\" aria-label=\"IMG_0783\"><img src=\"https:\/\/mlavawteztbj.i.optimole.com\/w:500\/h:500\/q:mauto\/f:best\/https:\/\/antiguanewsroom.com\/wp-content\/uploads\/2021\/03\/IMG_0783.png\" alt=\"\"  srcset=\"https:\/\/mlavawteztbj.i.optimole.com\/w:500\/h:500\/q:mauto\/f:best\/https:\/\/antiguanewsroom.com\/wp-content\/uploads\/2021\/03\/IMG_0783.png 500w, https:\/\/mlavawteztbj.i.optimole.com\/w:300\/h:300\/q:mauto\/f:best\/https:\/\/antiguanewsroom.com\/wp-content\/uploads\/2021\/03\/IMG_0783.png 300w, https:\/\/mlavawteztbj.i.optimole.com\/w:150\/h:150\/q:mauto\/f:best\/https:\/\/antiguanewsroom.com\/wp-content\/uploads\/2021\/03\/IMG_0783.png 150w\" sizes=\"(max-width: 500px) 100vw, 500px\" width=\"500\" height=\"500\"   \/><\/a><\/div>\n<p>The legislators argue that the government is not working in the interest of Haitians.<\/p>\n<div id=\"antig-2514214274\" class=\"antig-in-comments_2 antig-entity-placement\"><a href=\"https:\/\/www.facebook.com\/@hadeedmotorsltd\" aria-label=\"Hadeed_WEB_Banner_MG-2\"><img src=\"https:\/\/mlavawteztbj.i.optimole.com\/w:1000\/h:250\/q:mauto\/f:best\/https:\/\/antiguanewsroom.com\/wp-content\/uploads\/2024\/12\/Hadeed_WEB_Banner_MG-2.png\" alt=\"\"  srcset=\"https:\/\/mlavawteztbj.i.optimole.com\/w:1000\/h:250\/q:mauto\/f:best\/https:\/\/antiguanewsroom.com\/wp-content\/uploads\/2024\/12\/Hadeed_WEB_Banner_MG-2.png 1000w, https:\/\/mlavawteztbj.i.optimole.com\/w:300\/h:75\/q:mauto\/f:best\/https:\/\/antiguanewsroom.com\/wp-content\/uploads\/2024\/12\/Hadeed_WEB_Banner_MG-2.png 300w, https:\/\/mlavawteztbj.i.optimole.com\/w:768\/h:192\/q:mauto\/f:best\/https:\/\/antiguanewsroom.com\/wp-content\/uploads\/2024\/12\/Hadeed_WEB_Banner_MG-2.png 768w\" sizes=\"(max-width: 696px) 100vw, 696px\" width=\"1000\" height=\"250\"   \/><\/a><\/div>","protected":false},"excerpt":{"rendered":"<p>Prominent Haitian journalist Guyler C. Delva has been appointed as the new Minister of Culture and Communication in a Cabinet re-shuffle announced by Prime Minister Jack Guy Lafontant on Monday night. Delva, who writes for a number of regional and international media outlets, is one of five new ministers named by Prime Minister Lafontant, who [&hellip;]<\/p>\n","protected":false},"author":3,"featured_media":14906,"comment_status":"open","ping_status":"closed","sticky":false,"template":"","format":"standard","meta":{"footnotes":""},"categories":[7],"tags":[],"class_list":["post-14905","post","type-post","status-publish","format-standard","has-post-thumbnail","hentry","category-regional"],"yoast_head":"<!-- This site is optimized with the Yoast SEO Premium plugin v24.1 (Yoast SEO v24.1) - https:\/\/yoast.com\/wordpress\/plugins\/seo\/ -->\n<title>HAITI-Journalist included in new Cabinet - Antigua News Room<\/title>\n<meta name=\"robots\" content=\"index, follow, max-snippet:-1, max-image-preview:large, max-video-preview:-1\" \/>\n<link rel=\"canonical\" href=\"https:\/\/antiguanewsroom.com\/haiti-journalist-included-in-new-cabinet\/\" \/>\n<meta property=\"og:locale\" content=\"en_US\" \/>\n<meta property=\"og:type\" content=\"article\" \/>\n<meta property=\"og:title\" content=\"HAITI-Journalist included in new Cabinet\" \/>\n<meta property=\"og:description\" content=\"Prominent Haitian journalist Guyler C. Delva has been appointed as the new Minister of Culture and Communication in a Cabinet re-shuffle announced by Prime Minister Jack Guy Lafontant on Monday night. Delva, who writes for a number of regional and international media outlets, is one of five new ministers named by Prime Minister Lafontant, who [&hellip;]\" \/>\n<meta property=\"og:url\" content=\"https:\/\/antiguanewsroom.com\/haiti-journalist-included-in-new-cabinet\/\" \/>\n<meta property=\"og:site_name\" content=\"Antigua News Room\" \/>\n<meta property=\"article:publisher\" content=\"https:\/\/www.facebook.com\/antiguanewsroom\" \/>\n<meta property=\"article:published_time\" content=\"2018-04-24T14:54:03+00:00\" \/>\n<meta property=\"og:image\" content=\"https:\/\/mlavawteztbj.i.optimole.com\/w:auto\/h:auto\/q:mauto\/f:best\/https:\/\/antiguanewsroom.com\/wp-content\/uploads\/2018\/04\/Guye-Delva.jpg\" \/>\n\t<meta property=\"og:image:width\" content=\"600\" \/>\n\t<meta property=\"og:image:height\" content=\"400\" \/>\n\t<meta property=\"og:image:type\" content=\"image\/jpeg\" \/>\n<meta name=\"author\" content=\"Editor\" \/>\n<meta name=\"twitter:card\" content=\"summary_large_image\" \/>\n<meta name=\"twitter:creator\" content=\"@AntiguaNewsRoom\" \/>\n<meta name=\"twitter:site\" content=\"@AntiguaNewsRoom\" \/>\n<meta name=\"twitter:label1\" content=\"Written by\" \/>\n\t<meta name=\"twitter:data1\" content=\"Editor\" \/>\n\t<meta name=\"twitter:label2\" content=\"Est. reading time\" \/>\n\t<meta name=\"twitter:data2\" content=\"1 minute\" \/>\n<script type=\"application\/ld+json\" class=\"yoast-schema-graph\">{\"@context\":\"https:\/\/schema.org\",\"@graph\":[{\"@type\":\"Article\",\"@id\":\"https:\/\/antiguanewsroom.com\/haiti-journalist-included-in-new-cabinet\/#article\",\"isPartOf\":{\"@id\":\"https:\/\/antiguanewsroom.com\/haiti-journalist-included-in-new-cabinet\/\"},\"author\":{\"name\":\"Editor\",\"@id\":\"https:\/\/antiguanewsroom.com\/#\/schema\/person\/36cac05ef6398fe56ae3e6317f8535c5\"},\"headline\":\"HAITI-Journalist included in new Cabinet\",\"datePublished\":\"2018-04-24T14:54:03+00:00\",\"dateModified\":\"2018-04-24T14:54:03+00:00\",\"mainEntityOfPage\":{\"@id\":\"https:\/\/antiguanewsroom.com\/haiti-journalist-included-in-new-cabinet\/\"},\"wordCount\":269,\"commentCount\":0,\"publisher\":{\"@id\":\"https:\/\/antiguanewsroom.com\/#organization\"},\"image\":{\"@id\":\"https:\/\/antiguanewsroom.com\/haiti-journalist-included-in-new-cabinet\/#primaryimage\"},\"thumbnailUrl\":\"https:\/\/mlavawteztbj.i.optimole.com\/w:600\/h:400\/q:mauto\/f:best\/https:\/\/antiguanewsroom.com\/wp-content\/uploads\/2018\/04\/Guye-Delva.jpg\",\"articleSection\":[\"Regional\"],\"inLanguage\":\"en-US\",\"potentialAction\":[{\"@type\":\"CommentAction\",\"name\":\"Comment\",\"target\":[\"https:\/\/antiguanewsroom.com\/haiti-journalist-included-in-new-cabinet\/#respond\"]}]},{\"@type\":\"WebPage\",\"@id\":\"https:\/\/antiguanewsroom.com\/haiti-journalist-included-in-new-cabinet\/\",\"url\":\"https:\/\/antiguanewsroom.com\/haiti-journalist-included-in-new-cabinet\/\",\"name\":\"HAITI-Journalist included in new Cabinet - Antigua News Room\",\"isPartOf\":{\"@id\":\"https:\/\/antiguanewsroom.com\/#website\"},\"primaryImageOfPage\":{\"@id\":\"https:\/\/antiguanewsroom.com\/haiti-journalist-included-in-new-cabinet\/#primaryimage\"},\"image\":{\"@id\":\"https:\/\/antiguanewsroom.com\/haiti-journalist-included-in-new-cabinet\/#primaryimage\"},\"thumbnailUrl\":\"https:\/\/mlavawteztbj.i.optimole.com\/w:600\/h:400\/q:mauto\/f:best\/https:\/\/antiguanewsroom.com\/wp-content\/uploads\/2018\/04\/Guye-Delva.jpg\",\"datePublished\":\"2018-04-24T14:54:03+00:00\",\"dateModified\":\"2018-04-24T14:54:03+00:00\",\"breadcrumb\":{\"@id\":\"https:\/\/antiguanewsroom.com\/haiti-journalist-included-in-new-cabinet\/#breadcrumb\"},\"inLanguage\":\"en-US\",\"potentialAction\":[{\"@type\":\"ReadAction\",\"target\":[\"https:\/\/antiguanewsroom.com\/haiti-journalist-included-in-new-cabinet\/\"]}]},{\"@type\":\"ImageObject\",\"inLanguage\":\"en-US\",\"@id\":\"https:\/\/antiguanewsroom.com\/haiti-journalist-included-in-new-cabinet\/#primaryimage\",\"url\":\"https:\/\/mlavawteztbj.i.optimole.com\/w:600\/h:400\/q:mauto\/f:best\/https:\/\/antiguanewsroom.com\/wp-content\/uploads\/2018\/04\/Guye-Delva.jpg\",\"contentUrl\":\"https:\/\/mlavawteztbj.i.optimole.com\/w:600\/h:400\/q:mauto\/f:best\/https:\/\/antiguanewsroom.com\/wp-content\/uploads\/2018\/04\/Guye-Delva.jpg\",\"width\":\"600\",\"height\":\"400\"},{\"@type\":\"BreadcrumbList\",\"@id\":\"https:\/\/antiguanewsroom.com\/haiti-journalist-included-in-new-cabinet\/#breadcrumb\",\"itemListElement\":[{\"@type\":\"ListItem\",\"position\":1,\"name\":\"Home\",\"item\":\"https:\/\/antiguanewsroom.com\/\"},{\"@type\":\"ListItem\",\"position\":2,\"name\":\"HAITI-Journalist included in new Cabinet\"}]},{\"@type\":\"WebSite\",\"@id\":\"https:\/\/antiguanewsroom.com\/#website\",\"url\":\"https:\/\/antiguanewsroom.com\/\",\"name\":\"Antigua News Room\",\"description\":\"News As It Happens\",\"publisher\":{\"@id\":\"https:\/\/antiguanewsroom.com\/#organization\"},\"potentialAction\":[{\"@type\":\"SearchAction\",\"target\":{\"@type\":\"EntryPoint\",\"urlTemplate\":\"https:\/\/antiguanewsroom.com\/?s={search_term_string}\"},\"query-input\":{\"@type\":\"PropertyValueSpecification\",\"valueRequired\":true,\"valueName\":\"search_term_string\"}}],\"inLanguage\":\"en-US\"},{\"@type\":\"Organization\",\"@id\":\"https:\/\/antiguanewsroom.com\/#organization\",\"name\":\"Antigua Newsroom\",\"url\":\"https:\/\/antiguanewsroom.com\/\",\"logo\":{\"@type\":\"ImageObject\",\"inLanguage\":\"en-US\",\"@id\":\"https:\/\/antiguanewsroom.com\/#\/schema\/logo\/image\/\",\"url\":\"https:\/\/mlavawteztbj.i.optimole.com\/w:1080\/h:1080\/q:mauto\/f:best\/https:\/\/antiguanewsroom.com\/wp-content\/uploads\/2025\/08\/IMG_1584.jpeg\",\"contentUrl\":\"https:\/\/mlavawteztbj.i.optimole.com\/w:1080\/h:1080\/q:mauto\/f:best\/https:\/\/antiguanewsroom.com\/wp-content\/uploads\/2025\/08\/IMG_1584.jpeg\",\"width\":1260,\"height\":1260,\"caption\":\"Antigua Newsroom\"},\"image\":{\"@id\":\"https:\/\/antiguanewsroom.com\/#\/schema\/logo\/image\/\"},\"sameAs\":[\"https:\/\/www.facebook.com\/antiguanewsroom\",\"https:\/\/x.com\/AntiguaNewsRoom\",\"https:\/\/www.instagram.com\/antiguanewsroom\/\"]},{\"@type\":\"Person\",\"@id\":\"https:\/\/antiguanewsroom.com\/#\/schema\/person\/36cac05ef6398fe56ae3e6317f8535c5\",\"name\":\"Editor\",\"image\":{\"@type\":\"ImageObject\",\"inLanguage\":\"en-US\",\"@id\":\"https:\/\/antiguanewsroom.com\/#\/schema\/person\/image\/\",\"url\":\"https:\/\/secure.gravatar.com\/avatar\/ad516503a11cd5ca435acc9bb6523536?s=96\",\"contentUrl\":\"https:\/\/secure.gravatar.com\/avatar\/ad516503a11cd5ca435acc9bb6523536?s=96\",\"caption\":\"Editor\"},\"url\":\"https:\/\/antiguanewsroom.com\/author\/editor\/\"}]}<\/script>\n<!-- \/ Yoast SEO Premium plugin. -->","yoast_head_json":{"title":"HAITI-Journalist included in new Cabinet - Antigua News Room","robots":{"index":"index","follow":"follow","max-snippet":"max-snippet:-1","max-image-preview":"max-image-preview:large","max-video-preview":"max-video-preview:-1"},"canonical":"https:\/\/antiguanewsroom.com\/haiti-journalist-included-in-new-cabinet\/","og_locale":"en_US","og_type":"article","og_title":"HAITI-Journalist included in new Cabinet","og_description":"Prominent Haitian journalist Guyler C. Delva has been appointed as the new Minister of Culture and Communication in a Cabinet re-shuffle announced by Prime Minister Jack Guy Lafontant on Monday night. Delva, who writes for a number of regional and international media outlets, is one of five new ministers named by Prime Minister Lafontant, who [&hellip;]","og_url":"https:\/\/antiguanewsroom.com\/haiti-journalist-included-in-new-cabinet\/","og_site_name":"Antigua News Room","article_publisher":"https:\/\/www.facebook.com\/antiguanewsroom","article_published_time":"2018-04-24T14:54:03+00:00","og_image":[{"width":600,"height":400,"url":"https:\/\/mlavawteztbj.i.optimole.com\/w:auto\/h:auto\/q:mauto\/f:best\/https:\/\/antiguanewsroom.com\/wp-content\/uploads\/2018\/04\/Guye-Delva.jpg","type":"image\/jpeg"}],"author":"Editor","twitter_card":"summary_large_image","twitter_creator":"@AntiguaNewsRoom","twitter_site":"@AntiguaNewsRoom","twitter_misc":{"Written by":"Editor","Est. reading time":"1 minute"},"schema":{"@context":"https:\/\/schema.org","@graph":[{"@type":"Article","@id":"https:\/\/antiguanewsroom.com\/haiti-journalist-included-in-new-cabinet\/#article","isPartOf":{"@id":"https:\/\/antiguanewsroom.com\/haiti-journalist-included-in-new-cabinet\/"},"author":{"name":"Editor","@id":"https:\/\/antiguanewsroom.com\/#\/schema\/person\/36cac05ef6398fe56ae3e6317f8535c5"},"headline":"HAITI-Journalist included in new Cabinet","datePublished":"2018-04-24T14:54:03+00:00","dateModified":"2018-04-24T14:54:03+00:00","mainEntityOfPage":{"@id":"https:\/\/antiguanewsroom.com\/haiti-journalist-included-in-new-cabinet\/"},"wordCount":269,"commentCount":0,"publisher":{"@id":"https:\/\/antiguanewsroom.com\/#organization"},"image":{"@id":"https:\/\/antiguanewsroom.com\/haiti-journalist-included-in-new-cabinet\/#primaryimage"},"thumbnailUrl":"https:\/\/mlavawteztbj.i.optimole.com\/w:600\/h:400\/q:mauto\/f:best\/https:\/\/antiguanewsroom.com\/wp-content\/uploads\/2018\/04\/Guye-Delva.jpg","articleSection":["Regional"],"inLanguage":"en-US","potentialAction":[{"@type":"CommentAction","name":"Comment","target":["https:\/\/antiguanewsroom.com\/haiti-journalist-included-in-new-cabinet\/#respond"]}]},{"@type":"WebPage","@id":"https:\/\/antiguanewsroom.com\/haiti-journalist-included-in-new-cabinet\/","url":"https:\/\/antiguanewsroom.com\/haiti-journalist-included-in-new-cabinet\/","name":"HAITI-Journalist included in new Cabinet - Antigua News Room","isPartOf":{"@id":"https:\/\/antiguanewsroom.com\/#website"},"primaryImageOfPage":{"@id":"https:\/\/antiguanewsroom.com\/haiti-journalist-included-in-new-cabinet\/#primaryimage"},"image":{"@id":"https:\/\/antiguanewsroom.com\/haiti-journalist-included-in-new-cabinet\/#primaryimage"},"thumbnailUrl":"https:\/\/mlavawteztbj.i.optimole.com\/w:600\/h:400\/q:mauto\/f:best\/https:\/\/antiguanewsroom.com\/wp-content\/uploads\/2018\/04\/Guye-Delva.jpg","datePublished":"2018-04-24T14:54:03+00:00","dateModified":"2018-04-24T14:54:03+00:00","breadcrumb":{"@id":"https:\/\/antiguanewsroom.com\/haiti-journalist-included-in-new-cabinet\/#breadcrumb"},"inLanguage":"en-US","potentialAction":[{"@type":"ReadAction","target":["https:\/\/antiguanewsroom.com\/haiti-journalist-included-in-new-cabinet\/"]}]},{"@type":"ImageObject","inLanguage":"en-US","@id":"https:\/\/antiguanewsroom.com\/haiti-journalist-included-in-new-cabinet\/#primaryimage","url":"https:\/\/mlavawteztbj.i.optimole.com\/w:600\/h:400\/q:mauto\/f:best\/https:\/\/antiguanewsroom.com\/wp-content\/uploads\/2018\/04\/Guye-Delva.jpg","contentUrl":"https:\/\/mlavawteztbj.i.optimole.com\/w:600\/h:400\/q:mauto\/f:best\/https:\/\/antiguanewsroom.com\/wp-content\/uploads\/2018\/04\/Guye-Delva.jpg","width":"600","height":"400"},{"@type":"BreadcrumbList","@id":"https:\/\/antiguanewsroom.com\/haiti-journalist-included-in-new-cabinet\/#breadcrumb","itemListElement":[{"@type":"ListItem","position":1,"name":"Home","item":"https:\/\/antiguanewsroom.com\/"},{"@type":"ListItem","position":2,"name":"HAITI-Journalist included in new Cabinet"}]},{"@type":"WebSite","@id":"https:\/\/antiguanewsroom.com\/#website","url":"https:\/\/antiguanewsroom.com\/","name":"Antigua News Room","description":"News As It Happens","publisher":{"@id":"https:\/\/antiguanewsroom.com\/#organization"},"potentialAction":[{"@type":"SearchAction","target":{"@type":"EntryPoint","urlTemplate":"https:\/\/antiguanewsroom.com\/?s={search_term_string}"},"query-input":{"@type":"PropertyValueSpecification","valueRequired":true,"valueName":"search_term_string"}}],"inLanguage":"en-US"},{"@type":"Organization","@id":"https:\/\/antiguanewsroom.com\/#organization","name":"Antigua Newsroom","url":"https:\/\/antiguanewsroom.com\/","logo":{"@type":"ImageObject","inLanguage":"en-US","@id":"https:\/\/antiguanewsroom.com\/#\/schema\/logo\/image\/","url":"https:\/\/mlavawteztbj.i.optimole.com\/w:1080\/h:1080\/q:mauto\/f:best\/https:\/\/antiguanewsroom.com\/wp-content\/uploads\/2025\/08\/IMG_1584.jpeg","contentUrl":"https:\/\/mlavawteztbj.i.optimole.com\/w:1080\/h:1080\/q:mauto\/f:best\/https:\/\/antiguanewsroom.com\/wp-content\/uploads\/2025\/08\/IMG_1584.jpeg","width":1260,"height":1260,"caption":"Antigua Newsroom"},"image":{"@id":"https:\/\/antiguanewsroom.com\/#\/schema\/logo\/image\/"},"sameAs":["https:\/\/www.facebook.com\/antiguanewsroom","https:\/\/x.com\/AntiguaNewsRoom","https:\/\/www.instagram.com\/antiguanewsroom\/"]},{"@type":"Person","@id":"https:\/\/antiguanewsroom.com\/#\/schema\/person\/36cac05ef6398fe56ae3e6317f8535c5","name":"Editor","image":{"@type":"ImageObject","inLanguage":"en-US","@id":"https:\/\/antiguanewsroom.com\/#\/schema\/person\/image\/","url":"https:\/\/secure.gravatar.com\/avatar\/ad516503a11cd5ca435acc9bb6523536?s=96","contentUrl":"https:\/\/secure.gravatar.com\/avatar\/ad516503a11cd5ca435acc9bb6523536?s=96","caption":"Editor"},"url":"https:\/\/antiguanewsroom.com\/author\/editor\/"}]}},"_links":{"self":[{"href":"https:\/\/antiguanewsroom.com\/anr-api\/wp\/v2\/posts\/14905","targetHints":{"allow":["GET"]}}],"collection":[{"href":"https:\/\/antiguanewsroom.com\/anr-api\/wp\/v2\/posts"}],"about":[{"href":"https:\/\/antiguanewsroom.com\/anr-api\/wp\/v2\/types\/post"}],"author":[{"embeddable":true,"href":"https:\/\/antiguanewsroom.com\/anr-api\/wp\/v2\/users\/3"}],"replies":[{"embeddable":true,"href":"https:\/\/antiguanewsroom.com\/anr-api\/wp\/v2\/comments?post=14905"}],"version-history":[{"count":0,"href":"https:\/\/antiguanewsroom.com\/anr-api\/wp\/v2\/posts\/14905\/revisions"}],"wp:featuredmedia":[{"embeddable":true,"href":"https:\/\/antiguanewsroom.com\/anr-api\/wp\/v2\/media\/14906"}],"wp:attachment":[{"href":"https:\/\/antiguanewsroom.com\/anr-api\/wp\/v2\/media?parent=14905"}],"wp:term":[{"taxonomy":"category","embeddable":true,"href":"https:\/\/antiguanewsroom.com\/anr-api\/wp\/v2\/categories?post=14905"},{"taxonomy":"post_tag","embeddable":true,"href":"https:\/\/antiguanewsroom.com\/anr-api\/wp\/v2\/tags?post=14905"}],"curies":[{"name":"wp","href":"https:\/\/api.w.org\/{rel}","templated":true}]}}